{"id":95,"date":"2018-02-05T15:45:15","date_gmt":"2018-02-05T15:45:15","guid":{"rendered":"https:\/\/www.interfresa.com\/?p=95"},"modified":"2018-02-05T15:45:15","modified_gmt":"2018-02-05T15:45:15","slug":"convocatoria-la-seleccion-del-organismo-ejecutor-dentro-del-proyecto-promocion-2019-2021-frutos-rojos-europa-mercado-interno-paises-terceros-china-e-india","status":"publish","type":"post","link":"https:\/\/www.interfresa.com\/fr\/convocatoria-la-seleccion-del-organismo-ejecutor-dentro-del-proyecto-promocion-2019-2021-frutos-rojos-europa-mercado-interno-paises-terceros-china-e-india\/","title":{"rendered":"Convocatoria para la selecci\u00f3n del organismo ejecutor dentro del proyecto de promoci\u00f3n 2019-2021 de frutos rojos de Europa en mercado interno y pa\u00edses terceros \u2013China e India"},"content":{"rendered":"<p style=\"text-align: justify;\"><strong>La Asociaci\u00f3n Interprofesional de la Fresa Andaluza (INTERFRESA), le invita a participar en la convocatoria para desarrollar el programa de promoci\u00f3n de frutos rojos europeos 2019-2021, seg\u00fan lo previsto en el Reglamento UE 1144\/2014 (programas de promoci\u00f3n agroalimentaria 2018), en el mercado interior europeo y en terceros pa\u00edses (China e India).<\/strong><\/p>\n<p style=\"text-align: justify;\">Las agencias interesadas en participar como organismo ejecutor, deber\u00e1n <strong>remitir ANTES DEL 19 DE MARZO DE 2018<\/strong>, por correo electr\u00f3nico a la direcci\u00f3n <a href=\"mailto:gerencia@intrefresa.es\"><strong>gerencia@intrefresa.es<\/strong><\/a> o <a href=\"mailto:gesti\u00f3n@intrefresa.es\"><strong>gesti\u00f3n@intrefresa.es<\/strong><\/a>, la siguiente documentaci\u00f3n:<\/p>\n<p>&#8211; declaraci\u00f3n de m\u00e9ritos de capacitaci\u00f3n.<br \/>\n&#8211; propuesta\/s t\u00e9cnica\/s de campa\u00f1a\/s de promoci\u00f3n, para mercado interior y\/o pa\u00edses terceros \u2013 China y Jap\u00f3n\u2013, de acuerdo a lo descrito en la secci\u00f3n 2 de la parte B del ep\u00edgrafe 1.3.6 de la gu\u00eda para aplicantes para programas simples.<\/p>\n<p>La gu\u00eda para aplicantes se encuentran a disposici\u00f3n de los aplicantes en versi\u00f3n descargables v\u00eda web.<\/p>\n<p><strong><a href=\"https:\/\/interfresa.com\/wp-content\/uploads\/2018\/02\/INTERFRESA-CRITERIOS-SELECCI%C3%93N-AGENCIAS.pdf\" target=\"_blank\" rel=\"noopener noreferrer\">Criterios de Selecci\u00f3n<\/a><\/strong><br \/>\n<strong><a href=\"https:\/\/interfresa.com\/wp-content\/uploads\/2018\/02\/1800125-agriprod-guide-applicants-simple_es.pdf\" target=\"_blank\" rel=\"noopener noreferrer\">Guia del Solicitante<\/a><\/strong>    \t<\/p>","protected":false},"excerpt":{"rendered":"<p>La Asociaci\u00f3n Interprofesional de la Fresa Andaluza (INTERFRESA), le invita a participar en la convocatoria para desarrollar el programa de promoci\u00f3n de frutos rojos europeos 2019-2021, seg\u00fan lo previsto en el Reglamento UE 1144\/2014 (programas de promoci\u00f3n agroalimentaria 2018), en [\u2026]<\/p>\n","protected":false},"author":1,"featured_media":0,"comment_status":"open","ping_status":"open","sticky":false,"template":"","format":"standard","meta":{"footnotes":""},"categories":[9],"tags":[],"class_list":["post-95","post","type-post","status-publish","format-standard","hentry","category-general"],"_links":{"self":[{"href":"https:\/\/www.interfresa.com\/fr\/wp-json\/wp\/v2\/posts\/95","targetHints":{"allow":["GET"]}}],"collection":[{"href":"https:\/\/www.interfresa.com\/fr\/wp-json\/wp\/v2\/posts"}],"about":[{"href":"https:\/\/www.interfresa.com\/fr\/wp-json\/wp\/v2\/types\/post"}],"author":[{"embeddable":true,"href":"https:\/\/www.interfresa.com\/fr\/wp-json\/wp\/v2\/users\/1"}],"replies":[{"embeddable":true,"href":"https:\/\/www.interfresa.com\/fr\/wp-json\/wp\/v2\/comments?post=95"}],"version-history":[{"count":0,"href":"https:\/\/www.interfresa.com\/fr\/wp-json\/wp\/v2\/posts\/95\/revisions"}],"wp:attachment":[{"href":"https:\/\/www.interfresa.com\/fr\/wp-json\/wp\/v2\/media?parent=95"}],"wp:term":[{"taxonomy":"category","embeddable":true,"href":"https:\/\/www.interfresa.com\/fr\/wp-json\/wp\/v2\/categories?post=95"},{"taxonomy":"post_tag","embeddable":true,"href":"https:\/\/www.interfresa.com\/fr\/wp-json\/wp\/v2\/tags?post=95"}],"curies":[{"name":"wp","href":"https:\/\/api.w.org\/{rel}","templated":true}]}}