{"id":880,"date":"2026-09-01T08:12:39","date_gmt":"2026-09-01T08:12:39","guid":{"rendered":"https:\/\/www.interfresa.com\/?p=880"},"modified":"2026-09-01T08:16:56","modified_gmt":"2026-09-01T08:16:56","slug":"enrique-molina-nombrado-nuevo-presidente-de-interfresa","status":"publish","type":"post","link":"https:\/\/www.interfresa.com\/fr\/enrique-molina-nombrado-nuevo-presidente-de-interfresa\/","title":{"rendered":"Enrique Molina nombrado nuevo Presidente de Interfresa"},"content":{"rendered":"<p><strong>El vicepresidente de Freshuelva sucede a Francisco Jos\u00e9 G\u00f3mez al frente de la interprofesional, en un relevo que da continuidad al plan estrat\u00e9gico iniciado hace un a\u00f1o y que fija como prioridades el fortalecimiento institucional, la transparencia y la ampliaci\u00f3n de su alcance a nivel internacional<\/strong><\/p>\n\n\n\n<p>La Comisi\u00f3n de Gobierno de la interprofesional de la fresa y los frutos rojos ha nombrado presidente a Enrique Molina, vicepresidente de Freshuelva, quien asume la direcci\u00f3n de la entidad tras la salida de Francisco Jos\u00e9 G\u00f3mez de la presidencia, motivada por razones personales.<\/p>\n\n\n\n<p>Con este nombramiento, la interprofesional afronta el relevo desde la continuidad de un proyecto que, desde hace un a\u00f1o, ha trabajado por situar al sector de los frutos rojos en el lugar que merece, tanto a nivel nacional como internacional.<\/p>\n\n\n\n<p>Francisco Jos\u00e9 G\u00f3mez agradeci\u00f3 la confianza depositada en \u00e9l durante su mandato y asegur\u00f3 que deja la presidencia \u00abcon el orgullo de haber representado a un sector extraordinario y con la satisfacci\u00f3n de haber contribuido, junto a toda la Comisi\u00f3n de Gobierno, a fortalecer la unidad de Interfresa y a seguir proyectando el nombre de Huelva y de nuestros frutos rojos dentro y fuera de Espa\u00f1a\u00bb.<\/p>\n\n\n\n<p>G\u00f3mez destac\u00f3 especialmente la labor de la Comisi\u00f3n de Gobierno, \u00abme he sentido muy arropado por cada uno de sus miembros durante esta etapa\u00bb, y dio la bienvenida a su sucesor, de quien resalt\u00f3 \u00abuna visi\u00f3n empresarial que marcar\u00e1 el futuro de Interfresa\u00bb y la formaci\u00f3n de \u00abun gran equipo humano, lleno de ilusi\u00f3n y con muchas ganas de trabajar\u00bb. El presidente saliente cierra esta etapa para dedicar m\u00e1s tiempo a su familia y a su empresa, y traslad\u00f3 un mensaje de unidad al sector: \u00abdebemos permanecer unidos, avanzar juntos, subirnos al mismo barco y remar en la misma direcci\u00f3n\u00bb.<\/p>\n\n\n\n<p>El relevo se produjo en el marco de la asamblea y comisi\u00f3n celebradas este 30 de julio, en las que adem\u00e1s se abord\u00f3 la lectura y aprobaci\u00f3n del acta de la sesi\u00f3n anterior, se repas\u00f3 la situaci\u00f3n econ\u00f3mica de la interprofesional y se presentaron la nueva estructura organizativa y el Plan Estrat\u00e9gico de Interfresa.<\/p>\n\n\n\n<p>Por su parte, Enrique Molina agradeci\u00f3 el trabajo de su antecesor y afirm\u00f3 que afronta esta nueva responsabilidad \u00abcon la voluntad de dar continuidad al trabajo que iniciamos hace un a\u00f1o\u00bb, subrayando que \u00abm\u00e1s que un cambio de rumbo, se trata de un relevo en la presidencia dentro de un proyecto que ya est\u00e1 en marcha\u00bb.<\/p>\n\n\n\n<p>El nuevo presidente adelant\u00f3 que Interfresa desarrolla actualmente \u00abun plan estrat\u00e9gico muy ilusionante\u00bb que contempla ampliar el alcance de la interprofesional a nivel internacional, \u00abporque en toda Espa\u00f1a se producen fresas y berries en mayor o menor medida\u00bb, con el objetivo de reforzar su transparencia y poner en valor el trabajo del sector de los frutos rojos de Huelva. Molina insisti\u00f3 en que el objetivo es que los asociados y agricultores \u00abdispongan de la m\u00e1xima informaci\u00f3n posible para comprender qu\u00e9 est\u00e1 ocurriendo y hacia d\u00f3nde queremos avanzar\u00bb, y pidi\u00f3 al sector que conf\u00ede en la nueva Comisi\u00f3n de Gobierno: \u00abla interprofesional est\u00e1 al servicio de todo el sector, solo trabajando en equipo podremos seguir avanzando\u00bb.<\/p>\n\n\n\n<p>Enrique Molina, hasta ahora vicepresidente de Freshuelva, asume as\u00ed la presidencia de Interfresa con un conocimiento directo del sector y de la propia interprofesional.<\/p>\n\n\n\n<p>Con este cambio, Interfresa sigue trabajando en la misma l\u00ednea, con el objetivo de seguir fortaleciendo la interprofesional y consolidar el liderazgo del sector de los frutos rojos de Huelva a nivel internacional.<\/p>\n\n\n\n<p><\/p>","protected":false},"excerpt":{"rendered":"<p>El vicepresidente de Freshuelva sucede a Francisco Jos\u00e9 G\u00f3mez al frente de la interprofesional, en un relevo que da continuidad al plan estrat\u00e9gico iniciado hace un a\u00f1o y que fija como prioridades el fortalecimiento institucional, la transparencia y la ampliaci\u00f3n de su alcance a nivel internacional La Comisi\u00f3n de Gobierno de la interprofesional de la [&hellip;]<\/p>\n","protected":false},"author":2,"featured_media":881,"comment_status":"open","ping_status":"open","sticky":false,"template":"","format":"standard","meta":{"footnotes":""},"categories":[12],"tags":[],"class_list":["post-880","post","type-post","status-publish","format-standard","has-post-thumbnail","hentry","category-sala-de-prensa"],"_links":{"self":[{"href":"https:\/\/www.interfresa.com\/fr\/wp-json\/wp\/v2\/posts\/880","targetHints":{"allow":["GET"]}}],"collection":[{"href":"https:\/\/www.interfresa.com\/fr\/wp-json\/wp\/v2\/posts"}],"about":[{"href":"https:\/\/www.interfresa.com\/fr\/wp-json\/wp\/v2\/types\/post"}],"author":[{"embeddable":true,"href":"https:\/\/www.interfresa.com\/fr\/wp-json\/wp\/v2\/users\/2"}],"replies":[{"embeddable":true,"href":"https:\/\/www.interfresa.com\/fr\/wp-json\/wp\/v2\/comments?post=880"}],"version-history":[{"count":1,"href":"https:\/\/www.interfresa.com\/fr\/wp-json\/wp\/v2\/posts\/880\/revisions"}],"predecessor-version":[{"id":882,"href":"https:\/\/www.interfresa.com\/fr\/wp-json\/wp\/v2\/posts\/880\/revisions\/882"}],"wp:featuredmedia":[{"embeddable":true,"href":"https:\/\/www.interfresa.com\/fr\/wp-json\/wp\/v2\/media\/881"}],"wp:attachment":[{"href":"https:\/\/www.interfresa.com\/fr\/wp-json\/wp\/v2\/media?parent=880"}],"wp:term":[{"taxonomy":"category","embeddable":true,"href":"https:\/\/www.interfresa.com\/fr\/wp-json\/wp\/v2\/categories?post=880"},{"taxonomy":"post_tag","embeddable":true,"href":"https:\/\/www.interfresa.com\/fr\/wp-json\/wp\/v2\/tags?post=880"}],"curies":[{"name":"wp","href":"https:\/\/api.w.org\/{rel}","templated":true}]}}