{"id":85,"date":"2020-01-08T19:08:15","date_gmt":"2020-01-08T19:08:15","guid":{"rendered":"https:\/\/www.interfresa.com\/?p=85"},"modified":"2020-01-08T19:08:15","modified_gmt":"2020-01-08T19:08:15","slug":"interfresa-celebra-un-ano-mas-su-iniciativa-campanadas-con-fresas","status":"publish","type":"post","link":"https:\/\/www.interfresa.com\/fr\/interfresa-celebra-un-ano-mas-su-iniciativa-campanadas-con-fresas\/","title":{"rendered":"Interfresa celebra, un a\u00f1o m\u00e1s, su iniciativa Campanadas con fresas"},"content":{"rendered":"<p><!--StartFragment--><\/p>\n<p><strong>Los onubenses podr\u00e1n despedir 2019<br \/>\ndegustando las primeras fresas de la campa\u00f1a con un fin solidario: contribuir a<br \/>\nla importante labor de la Asociaci\u00f3n Espa\u00f1ola de Lucha contra el C\u00e1ncer<\/strong><\/p>\n<p>Aunque la tradici\u00f3n dice que, para tener suerte en el a\u00f1o nuevo, hay que<br \/>\ndespedir el viejo comiendo uvas al ritmo de las doce campanadas en la noche del<br \/>\n31, para hacerlo de forma positiva y solidaria Interfresa propone el sabor y<br \/>\nlas propiedades saludables de las fresas que se producen en la provincia de<br \/>\nHuelva. Es por eso que, un a\u00f1o m\u00e1s, la Interprofesional de la Fresa y los<br \/>\nFrutos Rojos de Andaluc\u00eda, Interfresa, repetir\u00e1 su exitosa iniciativa<br \/>\nCampanadas con Fresas.<\/p>\n<p>As\u00ed, en la ma\u00f1ana del pr\u00f3ximo 31 de diciembre, lnterfresa repartir\u00e1<br \/>\ncartuchos con fresas, las primeras de la temporada, a cambio de un donativo que<br \/>\nir\u00e1 destinado a la importante labor que desarrolla la Asociaci\u00f3n Espa\u00f1ola de<br \/>\nLucha contra el C\u00e1ncer. <\/p>\n<p>La actividad dar\u00e1 comienzo a las 9:30 de la ma\u00f1ana del martes en la entrada<br \/>\nde la Parroquia de la Concepci\u00f3n de la capital onubense. All\u00ed, todo el que<br \/>\ndesee participar, podr\u00e1 recoger su cartucho, decorado con un dise\u00f1o exclusivo<br \/>\ndel prestigioso artista gr\u00e1fico Andr\u00e9s Espuelas, y aportar su donativo,<br \/>\nmientras, de paso, disfruta de la m\u00fasica de Rafael Pua y Jos\u00e9 Carlos Roca al<br \/>\nchelo.<\/p>\n<p>La actividad se celebrar\u00e1 hasta que se agoten los 1.000 kilos de fresas que<br \/>\nhan sido cedidas por empresas productoras onubenses. Para ayudar en el reparto<br \/>\nde cartuchos e informar a los onubenses sobre la iniciativa Campanadas con<br \/>\nfresas, su desarrollo y su objetivo, adem\u00e1s de los representantes de Interfresa<br \/>\ny de la Asociaci\u00f3n Espa\u00f1ola de Lucha contra el C\u00e1ncer, participar\u00e1n tambi\u00e9n los<br \/>\nconsultores y consultoras de integraci\u00f3n del Plan de Responsabilidad \u00c9tica,<br \/>\nLaboral y Social de Interfresa, que este a\u00f1o afrontan su segunda campa\u00f1a<br \/>\npropiciando una mejor relaci\u00f3n entre los trabajadores con contratos en origen<br \/>\nque proceden de Marruecos y las empresas en las que van a trabajar.<\/p>\n<p>Interfresa espera que, como en ediciones pasadas, los onubenses se vuelquen<br \/>\ncon esta iniciativa que, al tiempo que contribuye a los numerosos proyectos que<br \/>\nla AECC sostiene en nuestra provincia, posibilita la puesta en valor de la<br \/>\nfruta que se producen en Huelva y el trabajo de quienes lo hacen posible.<\/p>\n<p><!--EndFragment--><\/p>","protected":false},"excerpt":{"rendered":"<p>Los onubenses podr\u00e1n despedir 2019 degustando las primeras fresas de la campa\u00f1a con un fin solidario: contribuir a la importante labor de la Asociaci\u00f3n Espa\u00f1ola de Lucha contra el C\u00e1ncer Aunque la tradici\u00f3n dice que, para tener suerte en el [\u2026]<\/p>\n","protected":false},"author":1,"featured_media":0,"comment_status":"open","ping_status":"open","sticky":false,"template":"","format":"standard","meta":{"footnotes":""},"categories":[9],"tags":[],"class_list":["post-85","post","type-post","status-publish","format-standard","hentry","category-general"],"_links":{"self":[{"href":"https:\/\/www.interfresa.com\/fr\/wp-json\/wp\/v2\/posts\/85","targetHints":{"allow":["GET"]}}],"collection":[{"href":"https:\/\/www.interfresa.com\/fr\/wp-json\/wp\/v2\/posts"}],"about":[{"href":"https:\/\/www.interfresa.com\/fr\/wp-json\/wp\/v2\/types\/post"}],"author":[{"embeddable":true,"href":"https:\/\/www.interfresa.com\/fr\/wp-json\/wp\/v2\/users\/1"}],"replies":[{"embeddable":true,"href":"https:\/\/www.interfresa.com\/fr\/wp-json\/wp\/v2\/comments?post=85"}],"version-history":[{"count":0,"href":"https:\/\/www.interfresa.com\/fr\/wp-json\/wp\/v2\/posts\/85\/revisions"}],"wp:attachment":[{"href":"https:\/\/www.interfresa.com\/fr\/wp-json\/wp\/v2\/media?parent=85"}],"wp:term":[{"taxonomy":"category","embeddable":true,"href":"https:\/\/www.interfresa.com\/fr\/wp-json\/wp\/v2\/categories?post=85"},{"taxonomy":"post_tag","embeddable":true,"href":"https:\/\/www.interfresa.com\/fr\/wp-json\/wp\/v2\/tags?post=85"}],"curies":[{"name":"wp","href":"https:\/\/api.w.org\/{rel}","templated":true}]}}