{"id":75,"date":"2020-04-01T10:22:26","date_gmt":"2020-04-01T10:22:26","guid":{"rendered":"https:\/\/www.interfresa.com\/?p=75"},"modified":"2020-04-01T10:22:26","modified_gmt":"2020-04-01T10:22:26","slug":"el-sector-de-la-fresa-y-los-frutos-rojos-protagonista-de-la-primera-campana-de-promocion-de-la-junta","status":"publish","type":"post","link":"https:\/\/www.interfresa.com\/fr\/el-sector-de-la-fresa-y-los-frutos-rojos-protagonista-de-la-primera-campana-de-promocion-de-la-junta\/","title":{"rendered":"El sector de la fresa y los frutos rojos, protagonista de la primera campa\u00f1a de promoci\u00f3n de la Junta"},"content":{"rendered":"<p><strong>Interfresa agradece a la <\/strong>Consejer\u00eda de Agricultura<strong> la celeridad con la que su departamento ha desarrollado la acci\u00f3n que lleva por lema <\/strong>#ConsumeAndaluc\u00eda<strong> y la deferencia por un sector que atraviesa momentos complicados<\/strong><\/p>\n<p>Las <strong>fresas y los frutos rojos de Huelva<\/strong> son los protagonistas de la nueva campa\u00f1a de promoci\u00f3n del consumo interior de frutas y hortalizas que la Junta de Andaluc\u00eda ha puesto en marcha bajo el lema <strong><a href=\"https:\/\/www.interfresa.com\/wp-content\/uploads\/2020\/04\/lSDWApN_p0FYXdsf.mp4\">#ConsumeAndaluc\u00eda<\/a><\/strong>. Tal y como ha explicado la propia <strong>Consejer\u00eda de Agricultura, Pesca y Desarrollo Sostenible, <\/strong>con esta campa\u00f1a se pretende reforzar \u201cahora m\u00e1s que nunca\u201d a sectores productivos \u201cgravemente amenazados por la situaci\u00f3n de crisis sanitaria que ha provocado la pandemia del coronavirus\u201d.<\/p>\n<figure class=\"wp-block-embed-twitter wp-block-embed is-type-rich is-provider-twitter\">\n<div class=\"wp-block-embed__wrapper\">\n<blockquote class=\"twitter-tweet\" data-width=\"550\" data-dnt=\"true\">\n<p lang=\"es\" dir=\"ltr\">? Lanzamos una campa\u00f1a de promoci\u00f3n de productos agroalimentarios ?? con la que damos todo el apoyo ?? de <a href=\"https:\/\/twitter.com\/AndaluciaJunta?ref_src=twsrc%5Etfw\" target=\"_blank\" rel=\"noopener\">@AndaluciaJunta<\/a> a un sector estrat\u00e9gico para los pueblos de <a href=\"https:\/\/twitter.com\/hashtag\/Andaluc%C3%ADa?src=hash&amp;ref_src=twsrc%5Etfw\" target=\"_blank\" rel=\"noopener\">#Andaluc\u00eda<\/a> ? <a href=\"https:\/\/twitter.com\/hashtag\/COVID2019?src=hash&amp;ref_src=twsrc%5Etfw\" target=\"_blank\" rel=\"noopener\">#COVID2019<\/a>  <\/p>\n<p>?\ufe0f Empezamos con ? y frutos rojos<\/p>\n<p>\u2705 Apuesta por lo nuestro<br \/>\u2733\ufe0f <a href=\"https:\/\/twitter.com\/hashtag\/ConsumeAndaluc%C3%ADa?src=hash&amp;ref_src=twsrc%5Etfw\" target=\"_blank\" rel=\"noopener\">#ConsumeAndaluc\u00eda<\/a> <a href=\"https:\/\/t.co\/qbga5c3H8K\">pic.twitter.com\/qbga5c3H8K<\/a><\/p>\n<p>&mdash; Consejer\u00eda AgriPesca (@AgriculturAnd) <a href=\"https:\/\/twitter.com\/AgriculturAnd\/status\/1244689453215551493?ref_src=twsrc%5Etfw\" target=\"_blank\" rel=\"noopener\">March 30, 2020<\/a><\/p><\/blockquote>\n<p><script async src=\"https:\/\/platform.twitter.com\/widgets.js\" charset=\"utf-8\"><\/script>\n<\/div>\n<\/figure>\n<p>Precisamente el sector<br \/>\nproductor y comercializador de los frutos rojos de Andaluc\u00eda, que se vio<br \/>\nafectado primero por la falta de mano de obra y m\u00e1s tarde por la ca\u00edda de los<br \/>\npedidos de sus mercados internacionales, es uno de los sectores m\u00e1s<br \/>\nperjudicados por esta crisis, a pesar del enorme valor nutricional y<br \/>\ngastron\u00f3mico de los frutos que produce.<\/p>\n<p>La Interprofesional de la<br \/>\nFresa y los Frutos Rojos de Andaluc\u00eda, Interfresa, ha querido agradecer a la<br \/>\nconsejera Carmen Crespo la deferencia que ha tenido con el sector al dedicarle<br \/>\nel primero de los videos promocionales, atendiendo de forma incre\u00edblemente<br \/>\nr\u00e1pida a la petici\u00f3n de ayuda que la interprofesional le dirigi\u00f3 hace pocos<br \/>\nd\u00edas. Para Interfresa, la Consejer\u00eda de Agricultura no s\u00f3lo ha dado muestras de<br \/>\nuna enorme eficacia, sino tambi\u00e9n de una gran sensibilidad y compromiso hacia<br \/>\nuno de los sectores m\u00e1s importantes de la econom\u00eda andaluza, que en estos d\u00edas<br \/>\nse sigue dejando la piel no s\u00f3lo para cumplir con sus compromisos comerciales y<br \/>\ntratar de fomentar el consumo de sus productos sino tambi\u00e9n para sacar adelante<br \/>\nuna intensa campa\u00f1a solidaria en la que se est\u00e1n volcando todos los<br \/>\nempresarios.<\/p>\n<p>La Consejer\u00eda destaca en la campa\u00f1a la calidad, el sabor y la fuerza que proporcionan los frutos rojos, \u201cque nos dan energ\u00eda y son de fiar\u201d, invit\u00e1ndonos a \u201cdegustar la vida\u201d y a consumir \u201csiempre Andaluc\u00eda\u201d. <\/p>\n<p>V\u00cdDEO: <a href=\"https:\/\/www.interfresa.com\/wp-content\/uploads\/2020\/04\/lSDWApN_p0FYXdsf.mp4\">#ConsumeAndaluc\u00eda<\/a><\/p>","protected":false},"excerpt":{"rendered":"<p>Interfresa agradece a la Consejer\u00eda de Agricultura la celeridad con la que su departamento ha desarrollado la acci\u00f3n que lleva por lema #ConsumeAndaluc\u00eda y la deferencia por un sector que atraviesa momentos complicados Las fresas y los frutos rojos de [\u2026]<\/p>\n","protected":false},"author":1,"featured_media":0,"comment_status":"open","ping_status":"open","sticky":false,"template":"","format":"standard","meta":{"footnotes":""},"categories":[9,12],"tags":[],"class_list":["post-75","post","type-post","status-publish","format-standard","hentry","category-general","category-sala-de-prensa"],"_links":{"self":[{"href":"https:\/\/www.interfresa.com\/fr\/wp-json\/wp\/v2\/posts\/75","targetHints":{"allow":["GET"]}}],"collection":[{"href":"https:\/\/www.interfresa.com\/fr\/wp-json\/wp\/v2\/posts"}],"about":[{"href":"https:\/\/www.interfresa.com\/fr\/wp-json\/wp\/v2\/types\/post"}],"author":[{"embeddable":true,"href":"https:\/\/www.interfresa.com\/fr\/wp-json\/wp\/v2\/users\/1"}],"replies":[{"embeddable":true,"href":"https:\/\/www.interfresa.com\/fr\/wp-json\/wp\/v2\/comments?post=75"}],"version-history":[{"count":0,"href":"https:\/\/www.interfresa.com\/fr\/wp-json\/wp\/v2\/posts\/75\/revisions"}],"wp:attachment":[{"href":"https:\/\/www.interfresa.com\/fr\/wp-json\/wp\/v2\/media?parent=75"}],"wp:term":[{"taxonomy":"category","embeddable":true,"href":"https:\/\/www.interfresa.com\/fr\/wp-json\/wp\/v2\/categories?post=75"},{"taxonomy":"post_tag","embeddable":true,"href":"https:\/\/www.interfresa.com\/fr\/wp-json\/wp\/v2\/tags?post=75"}],"curies":[{"name":"wp","href":"https:\/\/api.w.org\/{rel}","templated":true}]}}