{"id":64,"date":"2020-06-30T12:33:11","date_gmt":"2020-06-30T12:33:11","guid":{"rendered":"https:\/\/www.interfresa.com\/?p=64"},"modified":"2020-06-30T12:33:11","modified_gmt":"2020-06-30T12:33:11","slug":"los-consultores-de-integracion-del-prelsi-difunden-un-video-para-tranquilizar-a-las-trabajadoras-marroquies","status":"publish","type":"post","link":"https:\/\/www.interfresa.com\/fr\/los-consultores-de-integracion-del-prelsi-difunden-un-video-para-tranquilizar-a-las-trabajadoras-marroquies\/","title":{"rendered":"Los consultores de integraci\u00f3n del Prelsi difunden un video para tranquilizar a las trabajadoras marroqu\u00edes"},"content":{"rendered":"<figure class=\"wp-block-embed-facebook wp-block-embed is-type-video is-provider-facebook\">\n<div class=\"wp-block-embed__wrapper\">\n<div id=\"fb-root\"><\/div>\n<p><script async=\"1\" defer=\"1\" crossorigin=\"anonymous\" src=\"https:\/\/connect.facebook.net\/es_ES\/sdk.js#xfbml=1&amp;version=v7.0\" nonce=\"pI0x6fga\"><\/script><\/p>\n<div class=\"fb-video\" data-href=\"https:\/\/www.facebook.com\/Interfresa\/videos\/4274194772621038\/\" data-width=\"1220\">\n<blockquote cite=\"https:\/\/www.facebook.com\/Interfresa\/videos\/4274194772621038\/\" class=\"fb-xfbml-parse-ignore\"><p><a href=\"https:\/\/www.facebook.com\/Interfresa\/videos\/4274194772621038\/\" target=\"_blank\" rel=\"noopener\">Consultores integraci\u00f3n Prelsi tranquilizan trabajadoras marroqu\u00edes contrato en origen<\/a><\/p>\n<p>? El equipo de consultores de integraci\u00f3n del Prelsi \u2013el Plan de Responsabilidad \u00c9tica, Laboral, Social y de Igualdad de INTERFRESA-Asociaci\u00f3n Interprofesional de la Fresa Andaluza, han difundido un v\u00eddeo ?. para tranquilizar a las 7100 trabajadoras marroqu\u00edes ? con contrato en origen que permanecen en nuestra provincia a la espera de volver a su pa\u00eds. Un mensaje de aliento detr\u00e1s del que hay una labor asistencial fundamental para garantizar el bienestar y la atenci\u00f3n de estas temporeras mientras aguardan su ansiado regreso.Fundaci\u00f3n Caja Rural del Sur Cooperativas Agro-alimentarias de Andaluc\u00eda Freshuelva#interfresa #prelsi<\/p>\n<p>Publicada por <a href=\"https:\/\/www.facebook.com\/Interfresa\/\" target=\"_blank\" rel=\"noopener\">INTERFRESA-Asociaci\u00f3n Interprofesional de la Fresa Andaluza<\/a> en Martes, 30 de junio de 2020<\/p><\/blockquote>\n<\/div>\n<\/div>\n<\/figure>\n<p><strong>El objetivo de este trabajo,<br \/>\niniciativa del propio equipo de consultores, es recordarles que pueden contar<br \/>\ncon ellos y reconfortarlas mientras esperan el regreso a su pa\u00eds <\/strong><\/p>\n<p>El equipo de consultores de integraci\u00f3n del <strong>Prelsi \u2013el Plan de Responsabilidad \u00c9tica, Laboral, Social y de Igualdad de Interfresa, la Interprofesional de la Fresa y los Frutos Rojos de Andaluc\u00eda-, <\/strong>ha desarrollado una iniciativa audiovisual cuyo objetivo es tranquilizar y reconfortar a las <strong>7100 trabajadoras marroqu\u00edes<\/strong> con contrato en origen que permanecen en nuestra provincia.<\/p>\n<p>Una vez terminada la campa\u00f1a, estas mujeres han visto por el momento truncado su deseo de regresar a sus hogares, como est\u00e1 estipulado en el sistema de contrataci\u00f3n en origen, a causa del cierre de la frontera de Marruecos. El reino alauita clausur\u00f3 su frontera para protegerse de la <strong>pandemia de Covid-19 <\/strong>antes incluso de que Espa\u00f1a decretase el <strong>estado de alarma, <\/strong>y permanece cerrada a pesar de que la mayor\u00eda de los pa\u00edses est\u00e1n levantando las restricciones de movimiento y teniendo en cuenta, adem\u00e1s, que un nutrido grupo de sus nacionales permanecen atrapados en otros pa\u00edses.<\/p>\n<p>Es el caso de las<br \/>\ntrabajadoras del sector de los frutos rojos, que siguen esperando una respuesta<br \/>\npor parte de su Gobierno acerca de su regreso, lo que, unido a que carecen de<br \/>\ntrabajo y por tanto de ingresos, est\u00e1 ocasionando en ellas una profunda<br \/>\nangustia que los consultores de integraci\u00f3n tratan de paliar, en la medida de<br \/>\nlo posible, con distintas iniciativas.<\/p>\n<p>Una de ellas es el video<br \/>\nlanzado hoy. En \u00e9l, los propios consultores, en \u00e1rabe y en castellano, les<br \/>\nenv\u00edan un mensaje de tranquilidad y se ponen a disposici\u00f3n de estas personas<br \/>\npara ayudarlas en lo que necesiten. Igualmente, se las informa de que los<br \/>\nempresarios les prestan los alojamientos que han venido ocupando de manera<br \/>\ngratuita mientras permanezcan en nuestro pa\u00eds, y que tienen derecho a<br \/>\nasistencia sanitaria.<\/p>\n<p>El equipo de consultores del Prelsi de Interfresa, <strong>compuesto por 12 consultores de campo m\u00e1s dos coordinadores,<\/strong> ha puesto en marcha esta acci\u00f3n a sabiendas de que, a pesar de que la mayor\u00eda de las mujeres no sabe ni leer ni escribir, s\u00ed que se comunican muy bien a trav\u00e9s de los tel\u00e9fonos m\u00f3viles, por lo que a estos profesionales les pereci\u00f3 una manera m\u00e1s que efectiva para poder trasladarles este mensaje de tranquilidad.<\/p>\n<p>Por lo dem\u00e1s, y a pesar de que a estas alturas y una vez culminada la campa\u00f1a el equipo del Prelsi no estar\u00eda activo, Interfresa ha decidido no s\u00f3lo mantener sino incrementar el servicio para atender las necesidades que puedan surgir a las personas que integran el contingente en momentos tan delicados, con el respaldo absoluto de las empresas adscritas al plan y de las organizaciones agrarias que componen la Interprofesional: <strong>Freshuelva, Asaja-Huelva y Cooperativas Agro-Alimentarias.<\/strong><\/p>","protected":false},"excerpt":{"rendered":"<p>El objetivo de este trabajo, iniciativa del propio equipo de consultores, es recordarles que pueden contar con ellos y reconfortarlas mientras esperan el regreso a su pa\u00eds El equipo de consultores de integraci\u00f3n del Prelsi \u2013el Plan de Responsabilidad \u00c9tica, [\u2026]<\/p>\n","protected":false},"author":1,"featured_media":0,"comment_status":"open","ping_status":"open","sticky":false,"template":"","format":"standard","meta":{"footnotes":""},"categories":[9,12],"tags":[],"class_list":["post-64","post","type-post","status-publish","format-standard","hentry","category-general","category-sala-de-prensa"],"_links":{"self":[{"href":"https:\/\/www.interfresa.com\/fr\/wp-json\/wp\/v2\/posts\/64","targetHints":{"allow":["GET"]}}],"collection":[{"href":"https:\/\/www.interfresa.com\/fr\/wp-json\/wp\/v2\/posts"}],"about":[{"href":"https:\/\/www.interfresa.com\/fr\/wp-json\/wp\/v2\/types\/post"}],"author":[{"embeddable":true,"href":"https:\/\/www.interfresa.com\/fr\/wp-json\/wp\/v2\/users\/1"}],"replies":[{"embeddable":true,"href":"https:\/\/www.interfresa.com\/fr\/wp-json\/wp\/v2\/comments?post=64"}],"version-history":[{"count":0,"href":"https:\/\/www.interfresa.com\/fr\/wp-json\/wp\/v2\/posts\/64\/revisions"}],"wp:attachment":[{"href":"https:\/\/www.interfresa.com\/fr\/wp-json\/wp\/v2\/media?parent=64"}],"wp:term":[{"taxonomy":"category","embeddable":true,"href":"https:\/\/www.interfresa.com\/fr\/wp-json\/wp\/v2\/categories?post=64"},{"taxonomy":"post_tag","embeddable":true,"href":"https:\/\/www.interfresa.com\/fr\/wp-json\/wp\/v2\/tags?post=64"}],"curies":[{"name":"wp","href":"https:\/\/api.w.org\/{rel}","templated":true}]}}