{"id":505,"date":"2020-07-15T12:52:06","date_gmt":"2020-07-15T12:52:06","guid":{"rendered":"https:\/\/www.interfresa.com\/?p=505"},"modified":"2020-07-15T12:52:06","modified_gmt":"2020-07-15T12:52:06","slug":"los-consultores-del-prelsi-velan-por-el-bienestar-de-las-trabajadoras-con-contrato-en-origen-en-el-proceso-de-retorno-a-marruecos","status":"publish","type":"post","link":"https:\/\/www.interfresa.com\/fr\/los-consultores-del-prelsi-velan-por-el-bienestar-de-las-trabajadoras-con-contrato-en-origen-en-el-proceso-de-retorno-a-marruecos\/","title":{"rendered":"Los consultores del Prelsi velan por el bienestar de las trabajadoras con contrato en origen en el proceso de retorno a Marruecos"},"content":{"rendered":"<p><strong>Desde esta ma\u00f1ana a las 8:30, las<br \/>\ntrabajadoras se est\u00e1n sometiendo en diversos centros de salud de Huelva a las<br \/>\npruebas del Covid-19, condici\u00f3n imprescindible para que puedan viajar. <\/strong><\/p>\n<p>La angustia de las <strong>7.100 trabajadoras con contrato en origen de nacionalidad marroqu\u00ed<\/strong>, que permanecen en la provincia de Huelva tras haber culminado su labor en el sector de los <strong>baies rouges <\/strong>como consecuencia del cierre de la frontera de Marruecos, est\u00e1 a punto de terminar. El pr\u00f3ximo s\u00e1bado comenzar\u00e1 su retorno escalonado y, antes de que llegue ese momento, hay que zanjar otras cuestiones para las que la participaci\u00f3n de los <strong>consultores de integraci\u00f3n del Prelsi (Plan de Responsabilidad \u00c9tica, Laboral, Social y de Igualdad de Interfresa) es imprescindible.<\/strong><\/p>\n<p>Desde el pasado lunes, el equipo de <strong>Interfresa<\/strong> y de las organizaciones agrarias miembro, <strong>Freshuelva, Asaja-Huelva y Cooperativas Agro-Alimentarias<\/strong>, sobre las que recae el operativo, adem\u00e1s de la <strong>Asociaci\u00f3n de Citricultores<\/strong>, que pese a no estar integrada en Interfresa s\u00ed que realiza contrataciones en origen y por tanto, se suma al operativo, est\u00e1n trabajando de forma coordinada para determinar el orden y el n\u00famero de personas que cada d\u00eda se realizar\u00e1 las <strong>pruebas de detecci\u00f3n del Covid-19<\/strong>, y para preparar toda la documentaci\u00f3n necesaria para que las trabajadoras puedan realizar su viaje de vuelta a casa. Este proceso en particular, el de la preparaci\u00f3n de los visados, se realiza en estos momentos en la <strong>Subdelegaci\u00f3n del Gobierno de Huelva.<\/strong><\/p>\n<p>Los consultores de integraci\u00f3n han informado a las trabajadoras de su<br \/>\ninminente regreso y de c\u00f3mo se va a desarrollar el proceso. Las organizaciones<br \/>\nagrarias, por su parte, llevan desde que se conoci\u00f3 la noticia ordenando los<br \/>\ncupos de forma que aquellas personas que vayan obteniendo los resultados<br \/>\nnegativos en sus test, puedan ir embarcando y regresando a sus hogares.<\/p>\n<p>Tambi\u00e9n en los centros de salud las trabajadoras est\u00e1n acompa\u00f1adas por sus<br \/>\nconsultores, al igual que lo estar\u00e1n tanto en el trayecto desde sus<br \/>\nalojamientos hasta el puerto, durante el embarque, la gesti\u00f3n del equipaje y la<br \/>\npresentaci\u00f3n de la documentaci\u00f3n a las autoridades.<\/p>\n<p>Los pormenores del proceso de retorno y de la asistencia sanitaria que<br \/>\nest\u00e1n recibiendo las trabajadoras ser\u00e1 explicada con m\u00e1s detalle por la Junta<br \/>\nde Andaluc\u00eda.<\/p>\n<p>Interfresa y las organizaciones miembro- Freshuelva, Asaja-Huelva y Cooperativas Agro-Alimentarias- han querido agradecer tanto a la <strong>Junta de Andaluc\u00eda,<\/strong> en especial al <strong>vicepresidente Juan Mar\u00edn y al consejero de la Presidencia, El\u00edas Bendodo<\/strong>, que han sido absolutamente determinantes en la resoluci\u00f3n del bloqueo y en la disposici\u00f3n de cuestiones imprescindibles como la realizaci\u00f3n de los PCR. Tambi\u00e9n por supuesto al <strong>Reino de Marruecos<\/strong>, con una menci\u00f3n especial a la <strong>embajadora de Marruecos en Espa\u00f1a, Karima Benyaich, y a la Subdelegaci\u00f3n del Gobierno<\/strong> su disponibilidad y apoyo durante todo este tiempo. <\/p>\n<p>Y muy especialmente, quiere resaltar el trabajo constante de las<br \/>\norganizaciones agrarias, de las empresas, que han cuidado de estas trabajadoras<br \/>\ndurante todo el tiempo que ha durado su penosa situaci\u00f3n, y a los consultores<br \/>\nde integraci\u00f3n, que han hecho posible que se mantenga la paz social en las<br \/>\nempresas, han tratado de tranquilizar a las trabajadoras con paciencia,<br \/>\ninventiva, iniciativa y empat\u00eda y que se han revelado, definitivamente, como<br \/>\nuna parte esencial para el buen funcionamiento del sector de los frutos rojos<br \/>\nde la provincia de Huelva. <\/p>","protected":false},"excerpt":{"rendered":"<p>Desde esta ma\u00f1ana a las 8:30, las trabajadoras se est\u00e1n sometiendo en diversos centros de salud de Huelva a las pruebas del Covid-19, condici\u00f3n imprescindible para que puedan viajar. La angustia de las 7.100 trabajadoras con contrato en origen de [\u2026]<\/p>\n","protected":false},"author":1,"featured_media":0,"comment_status":"open","ping_status":"open","sticky":false,"template":"","format":"standard","meta":{"footnotes":""},"categories":[9,12],"tags":[],"class_list":["post-505","post","type-post","status-publish","format-standard","hentry","category-general","category-sala-de-prensa"],"_links":{"self":[{"href":"https:\/\/www.interfresa.com\/fr\/wp-json\/wp\/v2\/posts\/505","targetHints":{"allow":["GET"]}}],"collection":[{"href":"https:\/\/www.interfresa.com\/fr\/wp-json\/wp\/v2\/posts"}],"about":[{"href":"https:\/\/www.interfresa.com\/fr\/wp-json\/wp\/v2\/types\/post"}],"author":[{"embeddable":true,"href":"https:\/\/www.interfresa.com\/fr\/wp-json\/wp\/v2\/users\/1"}],"replies":[{"embeddable":true,"href":"https:\/\/www.interfresa.com\/fr\/wp-json\/wp\/v2\/comments?post=505"}],"version-history":[{"count":0,"href":"https:\/\/www.interfresa.com\/fr\/wp-json\/wp\/v2\/posts\/505\/revisions"}],"wp:attachment":[{"href":"https:\/\/www.interfresa.com\/fr\/wp-json\/wp\/v2\/media?parent=505"}],"wp:term":[{"taxonomy":"category","embeddable":true,"href":"https:\/\/www.interfresa.com\/fr\/wp-json\/wp\/v2\/categories?post=505"},{"taxonomy":"post_tag","embeddable":true,"href":"https:\/\/www.interfresa.com\/fr\/wp-json\/wp\/v2\/tags?post=505"}],"curies":[{"name":"wp","href":"https:\/\/api.w.org\/{rel}","templated":true}]}}