{"id":494,"date":"2021-05-20T11:25:56","date_gmt":"2021-05-20T11:25:56","guid":{"rendered":"https:\/\/www.interfresa.com\/?p=494"},"modified":"2021-05-20T11:25:56","modified_gmt":"2021-05-20T11:25:56","slug":"culmina-con-exito-el-operativo-de-regreso-de-las-temporeras-con-necesidad-de-retorno-anticipado","status":"publish","type":"post","link":"https:\/\/www.interfresa.com\/fr\/culmina-con-exito-el-operativo-de-regreso-de-las-temporeras-con-necesidad-de-retorno-anticipado\/","title":{"rendered":"Culmina con \u00e9xito el operativo de regreso de las temporeras con necesidad de retorno anticipado"},"content":{"rendered":"<p><strong>La<br \/>\ninterprofesional apoya la gesti\u00f3n realizada por las organizaciones agrarias<br \/>\nAsaja-Huelva, Freshuelva, y Cooperativas Agro-Alimentarias de Andaluc\u00eda con un<br \/>\nequipo de consultores del Prelsi que han acompa\u00f1ado y asistido a las temporeras<\/strong><\/p>\n<p>El operativo de regreso del grupo de temporeras marroqu\u00edes con necesidad de un retorno anticipado ha culminado con \u00e9xito tras zarpar el ferry que ha de trasladarlas hasta Marruecos desde el puerto de Algeciras.<\/p>\n<p>La gesti\u00f3n realizada en los \u00faltimos d\u00edas por las organizaciones agrarias <strong>Asaja-Huelva, Freshuelva y Cooperativas Agro-Alimentarias de Andaluc\u00eda<\/strong>, que inclu\u00eda adem\u00e1s de la preparaci\u00f3n de la documentaci\u00f3n necesaria para el retorno, la realizaci\u00f3n de PCR a todas las temporeras que necesitaban regresar, ha sido apoyada por Interfresa con un equipo de consultores de integraci\u00f3n del <strong>Prelsi. <\/strong><\/p>\n<p>Este equipo se ha trasladado hasta<br \/>\nel puerto de Algeciras para asistir a estas trabajadoras, entre las que tambi\u00e9n<br \/>\nviajaban cuatro beb\u00e9s, con el fin de asistirlas en la presentaci\u00f3n de la<br \/>\ndocumentaci\u00f3n en la aduana y acomodarlas en el ferry que ha partido desde el<br \/>\npuerto gaditano hacia T\u00e1nger sin ninguna incidencia y m\u00e1s o menos a la hora<br \/>\ninicialmente prevista.<\/p>\n<p>Interfresa quiere destacar la<br \/>\ncapacidad de resoluci\u00f3n de sus organizaciones miembro a la hora de gestionar el<br \/>\noperativo en tiempo r\u00e9cord, tras anunciar Marruecos el pasado s\u00e1bado la fecha<br \/>\ndel traslado.<\/p>\n<p>Adem\u00e1s, teniendo en cuenta que<br \/>\nentre las trabajadoras desplazadas se encontraban algunas en situaci\u00f3n de<br \/>\nenfermedad y madres recientes, que precisaban ser trasladadas hasta Marruecos<br \/>\ncon seguridad y una atenci\u00f3n m\u00e1s cercana, Interfresa ha puesto a disposici\u00f3n de<br \/>\nsus organizaciones miembro y de las empresas para las que estas trabajadoras<br \/>\nhab\u00edan acudido a trabajar a la campa\u00f1a de los frutos rojos de Andaluc\u00eda los<br \/>\nmedios con los que cuenta, entre los que destaca la presencia de sus<br \/>\nconsultores, quienes, gracias a la experiencia que atesoran ya en este tipo de<br \/>\noperativos han hecho el proceso m\u00e1s c\u00f3modo y r\u00e1pido para las trabajadoras en<br \/>\ncolaboraci\u00f3n con las autoridades presentes en el Puerto de Algeciras.<\/p>\n<p>Interfresa desea de nuevo reconocer<br \/>\nel trabajo de negociaci\u00f3n llevado a cabo por Asaja-Huelva, Freshuelva y<br \/>\nCooperativas Agro-Alimentarias de Andaluc\u00eda y la propia interprofesional con el<br \/>\nGobierno de Marruecos, con el fin de agilizar esta repatriaci\u00f3n como respuesta<br \/>\na las necesidades humanitarias de las trabajadoras.<\/p>","protected":false},"excerpt":{"rendered":"<p>La interprofesional apoya la gesti\u00f3n realizada por las organizaciones agrarias Asaja-Huelva, Freshuelva, y Cooperativas Agro-Alimentarias de Andaluc\u00eda con un equipo de consultores del Prelsi que han acompa\u00f1ado y asistido a las temporeras El operativo de regreso del grupo de temporeras [\u2026]<\/p>\n","protected":false},"author":1,"featured_media":0,"comment_status":"open","ping_status":"open","sticky":false,"template":"","format":"standard","meta":{"footnotes":""},"categories":[9,12],"tags":[],"class_list":["post-494","post","type-post","status-publish","format-standard","hentry","category-general","category-sala-de-prensa"],"_links":{"self":[{"href":"https:\/\/www.interfresa.com\/fr\/wp-json\/wp\/v2\/posts\/494","targetHints":{"allow":["GET"]}}],"collection":[{"href":"https:\/\/www.interfresa.com\/fr\/wp-json\/wp\/v2\/posts"}],"about":[{"href":"https:\/\/www.interfresa.com\/fr\/wp-json\/wp\/v2\/types\/post"}],"author":[{"embeddable":true,"href":"https:\/\/www.interfresa.com\/fr\/wp-json\/wp\/v2\/users\/1"}],"replies":[{"embeddable":true,"href":"https:\/\/www.interfresa.com\/fr\/wp-json\/wp\/v2\/comments?post=494"}],"version-history":[{"count":0,"href":"https:\/\/www.interfresa.com\/fr\/wp-json\/wp\/v2\/posts\/494\/revisions"}],"wp:attachment":[{"href":"https:\/\/www.interfresa.com\/fr\/wp-json\/wp\/v2\/media?parent=494"}],"wp:term":[{"taxonomy":"category","embeddable":true,"href":"https:\/\/www.interfresa.com\/fr\/wp-json\/wp\/v2\/categories?post=494"},{"taxonomy":"post_tag","embeddable":true,"href":"https:\/\/www.interfresa.com\/fr\/wp-json\/wp\/v2\/tags?post=494"}],"curies":[{"name":"wp","href":"https:\/\/api.w.org\/{rel}","templated":true}]}}