{"id":493,"date":"2021-06-14T10:10:36","date_gmt":"2021-06-14T10:10:36","guid":{"rendered":"https:\/\/www.interfresa.com\/?p=493"},"modified":"2021-06-14T10:10:36","modified_gmt":"2021-06-14T10:10:36","slug":"interfresa-y-sus-organizaciones-miembro-se-vuelvan-en-el-operativo-de-repatriacion-de-las-trabajadoras-marroquies","status":"publish","type":"post","link":"https:\/\/www.interfresa.com\/fr\/interfresa-y-sus-organizaciones-miembro-se-vuelvan-en-el-operativo-de-repatriacion-de-las-trabajadoras-marroquies\/","title":{"rendered":"Interfresa y sus organizaciones miembro se vuelcan en el operativo de repatriaci\u00f3n de las trabajadoras marroqu\u00edes"},"content":{"rendered":"<p><strong>La Autoridad Portuaria ha cedido el tinglado del Muelle de Levante para albergar la realizaci\u00f3n de las pruebas PCR, facilitadas por el Servicio Andaluz de Salud de la Junta y asistida por los consultores del Prelsi<\/strong>.<\/p>\n<p>La<strong> Interprofesional de la Fresa y los Frutos Rojos de Andaluc\u00eda, Interfresa,<\/strong> vuelve un a\u00f1o m\u00e1s, en representaci\u00f3n de las organizaciones agrarias que la componen \u2013<strong>Asaja-Huelva, Freshuelva y Cooperativas Agro-Alimentarias de Andaluc\u00eda,<\/strong> que aglutinan a m\u00e1s del 90% del sector- a colaborar activamente en la <strong>organizaci\u00f3n y gesti\u00f3n de la repatriaci\u00f3n de las temporeras marroqu\u00edes<\/strong> con contrato en origen.<\/p>\n<figure class=\"wp-block-image size-large\"><img loading=\"lazy\" decoding=\"async\" width=\"1024\" height=\"672\" src=\"https:\/\/www.interfresa.com\/wp-content\/uploads\/2021\/06\/1623657806394-1024x672.jpg\" alt=\"\" class=\"wp-image-1455\" srcset=\"https:\/\/www.interfresa.com\/wp-content\/uploads\/2021\/06\/1623657806394-1024x672.jpg 1024w, https:\/\/www.interfresa.com\/wp-content\/uploads\/2021\/06\/1623657806394-300x197.jpg 300w, https:\/\/www.interfresa.com\/wp-content\/uploads\/2021\/06\/1623657806394-768x504.jpg 768w, https:\/\/www.interfresa.com\/wp-content\/uploads\/2021\/06\/1623657806394-1536x1008.jpg 1536w, https:\/\/www.interfresa.com\/wp-content\/uploads\/2021\/06\/1623657806394-222x146.jpg 222w, https:\/\/www.interfresa.com\/wp-content\/uploads\/2021\/06\/1623657806394-50x33.jpg 50w, https:\/\/www.interfresa.com\/wp-content\/uploads\/2021\/06\/1623657806394-114x75.jpg 114w, https:\/\/www.interfresa.com\/wp-content\/uploads\/2021\/06\/1623657806394.jpg 1600w\" sizes=\"auto, (max-width:767px) 480px, (max-width:1024px) 100vw, 1024px\" \/><figcaption>Foto: Juli\u00e1n P\u00e9rez<\/figcaption><\/figure>\n<p>Para ello, y desde que el Gobierno de Espa\u00f1a anunci\u00f3 que la repatriaci\u00f3n comenzar\u00eda el pr\u00f3ximo 15 de junio, miembros de Interfresa y de las organizaciones miembro trabajan en coordinaci\u00f3n con la <strong>Subdelegaci\u00f3n del Gobierno en Huelva, la Junta de Andaluc\u00eda y el Puerto de Huelva, <\/strong>que ha cedido el tinglado del Muelle de Levante para facilitar la realizaci\u00f3n de los <strong>PCR obligatorios<\/strong> para que estas personas puedan regresar a sus hogares.<\/p>\n<p>As\u00ed, este domingo, 660 trabajadoras han podido realizarse sus pruebas de detecci\u00f3n del <strong>Covid-19<\/strong>, que este a\u00f1o deben realizarse, a petici\u00f3n del Gobierno de Marruecos, <strong>con 48 horas de antelaci\u00f3n a la salida del ferry.<\/strong> En el Muelle de Levante los sanitarios del <strong>Servicio de Salud de la Junta de Andaluc\u00eda<\/strong>, que ha propiciado la realizaci\u00f3n de las pruebas, contar\u00e1n con la ayuda de los consultores de integraci\u00f3n del Prelsi, para facilitar el tr\u00e1mite de la toma de datos y muestras y subsanar las barreras ling\u00fc\u00edsticas que puedan producirse en el proceso. De igual modo, el Prelsi se encargar\u00e1 de recopilar los resultados para que las trabajadoras puedan presentarlos en el momento en el que les sean requeridos.<\/p>\n<figure class=\"wp-block-image size-large\"><img loading=\"lazy\" decoding=\"async\" width=\"1024\" height=\"719\" src=\"https:\/\/www.interfresa.com\/wp-content\/uploads\/2021\/06\/1623657806346-1024x719.jpg\" alt=\"\" class=\"wp-image-1456\" srcset=\"https:\/\/www.interfresa.com\/wp-content\/uploads\/2021\/06\/1623657806346-1024x719.jpg 1024w, https:\/\/www.interfresa.com\/wp-content\/uploads\/2021\/06\/1623657806346-300x211.jpg 300w, https:\/\/www.interfresa.com\/wp-content\/uploads\/2021\/06\/1623657806346-768x539.jpg 768w, https:\/\/www.interfresa.com\/wp-content\/uploads\/2021\/06\/1623657806346-1536x1078.jpg 1536w, https:\/\/www.interfresa.com\/wp-content\/uploads\/2021\/06\/1623657806346-208x146.jpg 208w, https:\/\/www.interfresa.com\/wp-content\/uploads\/2021\/06\/1623657806346-50x35.jpg 50w, https:\/\/www.interfresa.com\/wp-content\/uploads\/2021\/06\/1623657806346-107x75.jpg 107w, https:\/\/www.interfresa.com\/wp-content\/uploads\/2021\/06\/1623657806346.jpg 1600w\" sizes=\"auto, (max-width:767px) 480px, (max-width:1024px) 100vw, 1024px\" \/><figcaption>Foto: Juli\u00e1n P\u00e9rez<\/figcaption><\/figure>\n<p>Por otra parte, Interfresa tambi\u00e9n participar\u00e1 en el traslado a Algeciras,<br \/>\ndesde donde saldr\u00e1n los barcos que habr\u00e1n de llevar a estas trabajadoras a<br \/>\nMarruecos. En estos d\u00edas, las organizaciones agrarias est\u00e1n organizando los<br \/>\ngrupos y procediendo a la reserva de los autobuses, as\u00ed como completando la<br \/>\ndocumentaci\u00f3n necesaria para que puedan viajar. Los consultores del Prelsi<br \/>\nvolver\u00e1n a acompa\u00f1ar a las trabajadoras al puerto gaditano y las asistir\u00e1n a la<br \/>\nhora de presentar su documentaci\u00f3n a las autoridades, las pruebas PCR y las<br \/>\nacomodar\u00e1n en los ferris de forma que este proceso, a menudo complejo, sea lo<br \/>\nm\u00e1s \u00e1gil y c\u00f3modo posible.<\/p>\n<p>En esta parte del procedimiento, junto a los consultores de integraci\u00f3n del Prelsi estar\u00e1n los mediadores de <strong>MZC<\/strong>, con Ana Mart\u00edn a la cabeza, y de <strong>Cepaim<\/strong>, gracias a su acuerdo con la <strong>Consejer\u00eda de Presidencia de la Junta de Andaluc\u00eda.<\/strong><\/p>\n<p>Interfresa desea en este punto y tras d\u00edas de arduo trabajo destacar el inmejorable clima que est\u00e1 imperando en el proceso de organizaci\u00f3n y la absoluta disposici\u00f3n y generosidad de la Subdelegaci\u00f3n, en especial del <strong>jefe de la Dependencia de Trabajo, Antonio Alvarado; de la Consejer\u00eda de Salud, y especialmente del gerente del Distrito Sanitario Huelva-Costa, Antonio Ortega; de la Consejer\u00eda de Presidencia de la que depende la Direcci\u00f3n General de Coordinaci\u00f3n de Pol\u00edticas Migratorias, cuya titular, Mar Ahumada,<\/strong> ha vuelto a mostrar su f\u00e9rreo compromiso con el bienestar de las trabajadoras y con el \u00e9xito de los operativos de llegada y de retorno y por supuesto, del Puerto de Huelva, que no ha escatimado en medios ni en esfuerzo para facilitar a todos y cada uno de los que intervienen en este complejo procedimiento lo que precisen para que sea m\u00e1s f\u00e1cil y agradable para todos. Por ello, la interprofesional quiere agradecer tanto a <strong>Pilar Miranda, presidente de la Autoridad Portuaria de Huelva, como a su director, Ignacio \u00c1lvarez-Ossorio Ramos, s<\/strong>u generosidad y entrega. Y por supuesto, la interprofesional quiere reconocer la dedicaci\u00f3n y el apoyo que la delegada del <strong>Gobierno Andaluz en Huelva, Bella Verano,<\/strong> brinda siempre al sector y la cercan\u00eda con la que siempre atiende sus necesidades.<\/p>\n<p>Igualmente, la interprofesional quiere hacer extensivo este agradecimiento<br \/>\na las autoridades marroqu\u00edes que participan en el operativo y con las que, como<br \/>\nsiempre, existe un di\u00e1logo fluido siempre en pro del bienestar de las<br \/>\ntrabajadoras. <\/p>","protected":false},"excerpt":{"rendered":"<p>La Autoridad Portuaria ha cedido el tinglado del Muelle de Levante para albergar la realizaci\u00f3n de las pruebas PCR, facilitadas por el Servicio Andaluz de Salud de la Junta y asistida por los consultores del Prelsi. La Interprofesional de la [\u2026]<\/p>\n","protected":false},"author":1,"featured_media":549,"comment_status":"open","ping_status":"open","sticky":false,"template":"","format":"standard","meta":{"footnotes":""},"categories":[9],"tags":[],"class_list":["post-493","post","type-post","status-publish","format-standard","has-post-thumbnail","hentry","category-general"],"_links":{"self":[{"href":"https:\/\/www.interfresa.com\/fr\/wp-json\/wp\/v2\/posts\/493","targetHints":{"allow":["GET"]}}],"collection":[{"href":"https:\/\/www.interfresa.com\/fr\/wp-json\/wp\/v2\/posts"}],"about":[{"href":"https:\/\/www.interfresa.com\/fr\/wp-json\/wp\/v2\/types\/post"}],"author":[{"embeddable":true,"href":"https:\/\/www.interfresa.com\/fr\/wp-json\/wp\/v2\/users\/1"}],"replies":[{"embeddable":true,"href":"https:\/\/www.interfresa.com\/fr\/wp-json\/wp\/v2\/comments?post=493"}],"version-history":[{"count":0,"href":"https:\/\/www.interfresa.com\/fr\/wp-json\/wp\/v2\/posts\/493\/revisions"}],"wp:featuredmedia":[{"embeddable":true,"href":"https:\/\/www.interfresa.com\/fr\/wp-json\/wp\/v2\/media\/549"}],"wp:attachment":[{"href":"https:\/\/www.interfresa.com\/fr\/wp-json\/wp\/v2\/media?parent=493"}],"wp:term":[{"taxonomy":"category","embeddable":true,"href":"https:\/\/www.interfresa.com\/fr\/wp-json\/wp\/v2\/categories?post=493"},{"taxonomy":"post_tag","embeddable":true,"href":"https:\/\/www.interfresa.com\/fr\/wp-json\/wp\/v2\/tags?post=493"}],"curies":[{"name":"wp","href":"https:\/\/api.w.org\/{rel}","templated":true}]}}