{"id":114,"date":"2017-07-12T07:43:29","date_gmt":"2017-07-12T07:43:29","guid":{"rendered":"https:\/\/www.interfresa.com\/?p=114"},"modified":"2017-07-12T07:43:29","modified_gmt":"2017-07-12T07:43:29","slug":"i-concurso-recetas-fresas-europa","status":"publish","type":"post","link":"https:\/\/www.interfresa.com\/fr\/i-concurso-recetas-fresas-europa\/","title":{"rendered":"I Concurso de recetas \u2018Fresas de Europa\u2019"},"content":{"rendered":"<p style=\"text-align: justify;\">Interfresa dentro de la campa\u00f1a \u2018Fresas de Europa, Vive la Roja\u2019, ha puesto en marcha el I Concurso de recetas \u2018Fresas de Europa\u2019 que se desarrollar\u00e1 a lo largo de Marzo y que est\u00e1 dirigido a los blogueros culinarios.<\/p>\n<p style=\"text-align: justify;\">Hasta el 31 de marzo, todos los bloguer@s interesados en participar en esta iniciativa podr\u00e1n presentar tantas recetas como deseen, siempre y cuando las fresas est\u00e9n presentes como uno de los ingredientes, aunque si es el principal tendr\u00e1 una mejor valoraci\u00f3n.<\/p>\n<p style=\"text-align: justify;\">El bloguero que logre el segundo premio asistir\u00e1 a una masterclass en Madrid con la repostera Alma Obreg\u00f3n.<\/p>\n<div id=\"attachment_310\" style=\"width: 410px\" class=\"wp-caption aligncenter\"><img loading=\"lazy\" decoding=\"async\" aria-describedby=\"caption-attachment-310\" class=\"wp-image-310 size-full\" src=\"https:\/\/www.interfresa.com\/wp-content\/uploads\/2017\/07\/masterclass-alma-obregon.jpg\" alt=\"\" width=\"400\" height=\"267\" srcset=\"https:\/\/www.interfresa.com\/wp-content\/uploads\/2017\/07\/masterclass-alma-obregon.jpg 400w, https:\/\/www.interfresa.com\/wp-content\/uploads\/2017\/07\/masterclass-alma-obregon-300x200.jpg 300w\" sizes=\"auto, (max-width:767px) 400px, 400px\" \/><\/p>\n<p id=\"caption-attachment-310\" class=\"wp-caption-text\">El bloguero que logre el segundo premio asistir\u00e1 a una masterclass en Madrid con la repostera Alma Obreg\u00f3n.<\/p>\n<\/div>\n<p style=\"text-align: justify;\">\n<p style=\"text-align: justify;\">Se pueden enviar tanto recetas nuevas elaboradas expresamente para el concurso como recetas ya publicadas. No obstante, si es un requisito imprescindible que en la receta se indique de forma clara que participa en este certamen, as\u00ed como a\u00f1adir el enlace a la web oficial de \u2018Fresas de Europa\u2019: www.fresasdeeuropa.com.<br \/>\nAdem\u00e1s, tambi\u00e9n es obligatorio que se divulgue en las redes sociales (<strong>Twitter,Facebook o Instagram<\/strong>) con el <strong>hagstag #IConcursoFresasdeEuropa.<\/strong><\/p>\n<p style=\"text-align: justify;\">El jurado, estar\u00e1 formado por expertos gastron\u00f3micos y representantes de la industria fresera y del mundo de la comunicaci\u00f3n, y se regir\u00e1 por diferentes criterios culinarios, de salud, creatividad, est\u00e9tica, y exposici\u00f3n de la receta, para otorgar los premios, destacando, la necesidad de presencia de la fresa como ingrediente principal en la elaboraci\u00f3n de la receta.<br \/>\nComo premio, los concursantes optan a dos noches de hotel para dos personas en Huelva; el segundo premio consiste en una masterclass en Madrid a cargo de la repostera y bloguera Alma Obreg\u00f3n, prescriptora de la campa\u00f1a \u201cFresas de Europa\u201d, mientras que el tercer clasificado recibir\u00e1 una suculenta cesta de fresas.<\/p>","protected":false},"excerpt":{"rendered":"<p>Interfresa dentro de la campa\u00f1a \u2018Fresas de Europa, Vive la Roja\u2019, ha puesto en marcha el I Concurso de recetas \u2018Fresas de Europa\u2019 que se desarrollar\u00e1 a lo largo de Marzo y que est\u00e1 dirigido a los blogueros culinarios. Hasta [\u2026]<\/p>\n","protected":false},"author":1,"featured_media":572,"comment_status":"open","ping_status":"open","sticky":false,"template":"","format":"standard","meta":{"footnotes":""},"categories":[11],"tags":[],"class_list":["post-114","post","type-post","status-publish","format-standard","has-post-thumbnail","hentry","category-recetas"],"_links":{"self":[{"href":"https:\/\/www.interfresa.com\/fr\/wp-json\/wp\/v2\/posts\/114","targetHints":{"allow":["GET"]}}],"collection":[{"href":"https:\/\/www.interfresa.com\/fr\/wp-json\/wp\/v2\/posts"}],"about":[{"href":"https:\/\/www.interfresa.com\/fr\/wp-json\/wp\/v2\/types\/post"}],"author":[{"embeddable":true,"href":"https:\/\/www.interfresa.com\/fr\/wp-json\/wp\/v2\/users\/1"}],"replies":[{"embeddable":true,"href":"https:\/\/www.interfresa.com\/fr\/wp-json\/wp\/v2\/comments?post=114"}],"version-history":[{"count":0,"href":"https:\/\/www.interfresa.com\/fr\/wp-json\/wp\/v2\/posts\/114\/revisions"}],"wp:featuredmedia":[{"embeddable":true,"href":"https:\/\/www.interfresa.com\/fr\/wp-json\/wp\/v2\/media\/572"}],"wp:attachment":[{"href":"https:\/\/www.interfresa.com\/fr\/wp-json\/wp\/v2\/media?parent=114"}],"wp:term":[{"taxonomy":"category","embeddable":true,"href":"https:\/\/www.interfresa.com\/fr\/wp-json\/wp\/v2\/categories?post=114"},{"taxonomy":"post_tag","embeddable":true,"href":"https:\/\/www.interfresa.com\/fr\/wp-json\/wp\/v2\/tags?post=114"}],"curies":[{"name":"wp","href":"https:\/\/api.w.org\/{rel}","templated":true}]}}