{"id":113,"date":"2017-07-12T07:49:45","date_gmt":"2017-07-12T07:49:45","guid":{"rendered":"https:\/\/www.interfresa.com\/?p=113"},"modified":"2017-07-12T07:49:45","modified_gmt":"2017-07-12T07:49:45","slug":"nueva-app-fresetario","status":"publish","type":"post","link":"https:\/\/www.interfresa.com\/fr\/nueva-app-fresetario\/","title":{"rendered":"Nueva app \u201cfresetario\u201d"},"content":{"rendered":"<p style=\"text-align: justify;\">El arte culinario centra tambi\u00e9n la tem\u00e1tica de la app \u201cFresetario\u201d, la nueva aplicaci\u00f3n que acaba de presentar \u201cFresas de Europa\u201d en la que podr\u00e1n consultarse las recetas favoritas con fresas de Manuel Carrasco y Alma Obreg\u00f3n.<\/p>\n<p style=\"text-align: justify;\">Junto a ello, la aplicaci\u00f3n ofrecer\u00e1 un amplio recetario de platos preparados con este fruto, que podr\u00e1n descargarse y ser compartidos a trav\u00e9s de redes sociales e incluso permitir\u00e1 a sus usuarios que publiquen sus propias elaboraciones.<\/p>\n<p style=\"text-align: justify;\">Promovida por Interfresa y con la colaboraci\u00f3n de la Uni\u00f3n Europea y el Ministerio de Agricultura y Pesca, Alimentaci\u00f3n y Medio Ambiente de Espa\u00f1a, la campa\u00f1a Fresas de Europa, Vive la Roja tiene como principal objetivo fomentar el consumo de la fresa producida en el continente europeo, as\u00ed como dar a conocer las ventajas y beneficios de su ingesta.<\/p>\n<p style=\"text-align: justify;\">Con este proyecto se pretende informar al consumidor acerca de los valores diferenciales de la producci\u00f3n en la Uni\u00f3n Europea, haciendo especial hincapi\u00e9 en aspectos como la trazabilidad y seguridad alimentaria, y la sostenibilidad medioambiental.<\/p>","protected":false},"excerpt":{"rendered":"<p>El arte culinario centra tambi\u00e9n la tem\u00e1tica de la app \u201cFresetario\u201d, la nueva aplicaci\u00f3n que acaba de presentar \u201cFresas de Europa\u201d en la que podr\u00e1n consultarse las recetas favoritas con fresas de Manuel Carrasco y Alma Obreg\u00f3n. Junto a ello, [\u2026]<\/p>\n","protected":false},"author":1,"featured_media":0,"comment_status":"open","ping_status":"open","sticky":false,"template":"","format":"standard","meta":{"footnotes":""},"categories":[11],"tags":[],"class_list":["post-113","post","type-post","status-publish","format-standard","hentry","category-recetas"],"_links":{"self":[{"href":"https:\/\/www.interfresa.com\/fr\/wp-json\/wp\/v2\/posts\/113","targetHints":{"allow":["GET"]}}],"collection":[{"href":"https:\/\/www.interfresa.com\/fr\/wp-json\/wp\/v2\/posts"}],"about":[{"href":"https:\/\/www.interfresa.com\/fr\/wp-json\/wp\/v2\/types\/post"}],"author":[{"embeddable":true,"href":"https:\/\/www.interfresa.com\/fr\/wp-json\/wp\/v2\/users\/1"}],"replies":[{"embeddable":true,"href":"https:\/\/www.interfresa.com\/fr\/wp-json\/wp\/v2\/comments?post=113"}],"version-history":[{"count":0,"href":"https:\/\/www.interfresa.com\/fr\/wp-json\/wp\/v2\/posts\/113\/revisions"}],"wp:attachment":[{"href":"https:\/\/www.interfresa.com\/fr\/wp-json\/wp\/v2\/media?parent=113"}],"wp:term":[{"taxonomy":"category","embeddable":true,"href":"https:\/\/www.interfresa.com\/fr\/wp-json\/wp\/v2\/categories?post=113"},{"taxonomy":"post_tag","embeddable":true,"href":"https:\/\/www.interfresa.com\/fr\/wp-json\/wp\/v2\/tags?post=113"}],"curies":[{"name":"wp","href":"https:\/\/api.w.org\/{rel}","templated":true}]}}