{"id":110,"date":"2017-07-12T08:02:39","date_gmt":"2017-07-12T08:02:39","guid":{"rendered":"https:\/\/www.interfresa.com\/?p=110"},"modified":"2017-07-12T08:02:39","modified_gmt":"2017-07-12T08:02:39","slug":"la-campana-interfresacontraelcancer-sigue-adelante-tras-lograr-32-500e-mes","status":"publish","type":"post","link":"https:\/\/www.interfresa.com\/fr\/la-campana-interfresacontraelcancer-sigue-adelante-tras-lograr-32-500e-mes\/","title":{"rendered":"La campa\u00f1a #interfresacontraelcancer sigue adelante tras lograr 32.500\u20ac en un mes"},"content":{"rendered":"<p><strong>#interfresacontraelcancer,<\/strong>\u00a0la campa\u00f1a solidaria del sector fresero de Huelva ha conseguido en tan s\u00f3lo un mes\u00a0 con un total de un tercio de su objetivo al lograr 32.500 \u20ac.<\/p>\n<p><strong>\u00a0<\/strong>La campa\u00f1a ha contado con el apoyo de\u00a0<strong>agrodiariohuelva.es,<\/strong>\u00a0de un n\u00famero importante de personas y tambi\u00e9n con la colaboraci\u00f3n de algunos famosos y reconocidos como David Bustamante, Risto Mejide, Jorge Javier V\u00e1zquez y una larga lista\u2026<\/p>\n<p>\u00c1nimo!    \t<\/p>","protected":false},"excerpt":{"rendered":"<p>#interfresacontraelcancer,\u00a0la campa\u00f1a solidaria del sector fresero de Huelva ha conseguido en tan s\u00f3lo un mes\u00a0 con un total de un tercio de su objetivo al lograr 32.500 \u20ac. \u00a0La campa\u00f1a ha contado con el apoyo de\u00a0agrodiariohuelva.es,\u00a0de un n\u00famero importante de [\u2026]<\/p>\n","protected":false},"author":1,"featured_media":0,"comment_status":"open","ping_status":"open","sticky":false,"template":"","format":"standard","meta":{"footnotes":""},"categories":[12],"tags":[],"class_list":["post-110","post","type-post","status-publish","format-standard","hentry","category-sala-de-prensa"],"_links":{"self":[{"href":"https:\/\/www.interfresa.com\/fr\/wp-json\/wp\/v2\/posts\/110","targetHints":{"allow":["GET"]}}],"collection":[{"href":"https:\/\/www.interfresa.com\/fr\/wp-json\/wp\/v2\/posts"}],"about":[{"href":"https:\/\/www.interfresa.com\/fr\/wp-json\/wp\/v2\/types\/post"}],"author":[{"embeddable":true,"href":"https:\/\/www.interfresa.com\/fr\/wp-json\/wp\/v2\/users\/1"}],"replies":[{"embeddable":true,"href":"https:\/\/www.interfresa.com\/fr\/wp-json\/wp\/v2\/comments?post=110"}],"version-history":[{"count":0,"href":"https:\/\/www.interfresa.com\/fr\/wp-json\/wp\/v2\/posts\/110\/revisions"}],"wp:attachment":[{"href":"https:\/\/www.interfresa.com\/fr\/wp-json\/wp\/v2\/media?parent=110"}],"wp:term":[{"taxonomy":"category","embeddable":true,"href":"https:\/\/www.interfresa.com\/fr\/wp-json\/wp\/v2\/categories?post=110"},{"taxonomy":"post_tag","embeddable":true,"href":"https:\/\/www.interfresa.com\/fr\/wp-json\/wp\/v2\/tags?post=110"}],"curies":[{"name":"wp","href":"https:\/\/api.w.org\/{rel}","templated":true}]}}