{"id":74,"date":"2020-04-02T09:33:14","date_gmt":"2020-04-02T09:33:14","guid":{"rendered":"https:\/\/www.interfresa.com\/?p=74"},"modified":"2020-04-02T09:33:14","modified_gmt":"2020-04-02T09:33:14","slug":"el-sector-de-la-fresa-y-los-frutos-rojos-envia-su-primer-camion-a-los-hospitales-de-huelva","status":"publish","type":"post","link":"https:\/\/www.interfresa.com\/en\/el-sector-de-la-fresa-y-los-frutos-rojos-envia-su-primer-camion-a-los-hospitales-de-huelva\/","title":{"rendered":"El sector de la fresa y los frutos rojos env\u00eda su primer cami\u00f3n a los hospitales  de Huelva"},"content":{"rendered":"<p><strong>La iniciativa solidaria coordinada por <\/strong>Interfresa<strong> con la colaboraci\u00f3n de la <\/strong>Consejer\u00eda de Salud<strong> lleva m\u00e1s de 500 kilos de fresas de primera categor\u00eda a los centros hospitalarios Juan Ram\u00f3n Jim\u00e9nez, Infanta Elena y V\u00e1zquez D\u00edaz<\/strong><\/p>\n<figure class=\"wp-block-image size-large\"><img loading=\"lazy\" decoding=\"async\" width=\"600\" height=\"1024\" src=\"https:\/\/www.interfresa.com\/wp-content\/uploads\/2020\/04\/WhatsApp-Image-2020-04-01-at-17.05.25-2-600x1024.jpeg\" alt=\"\" class=\"wp-image-1285\" srcset=\"https:\/\/www.interfresa.com\/wp-content\/uploads\/2020\/04\/WhatsApp-Image-2020-04-01-at-17.05.25-2-600x1024.jpeg 600w, https:\/\/www.interfresa.com\/wp-content\/uploads\/2020\/04\/WhatsApp-Image-2020-04-01-at-17.05.25-2-176x300.jpeg 176w, https:\/\/www.interfresa.com\/wp-content\/uploads\/2020\/04\/WhatsApp-Image-2020-04-01-at-17.05.25-2-768x1311.jpeg 768w, https:\/\/www.interfresa.com\/wp-content\/uploads\/2020\/04\/WhatsApp-Image-2020-04-01-at-17.05.25-2-900x1536.jpeg 900w, https:\/\/www.interfresa.com\/wp-content\/uploads\/2020\/04\/WhatsApp-Image-2020-04-01-at-17.05.25-2-86x146.jpeg 86w, https:\/\/www.interfresa.com\/wp-content\/uploads\/2020\/04\/WhatsApp-Image-2020-04-01-at-17.05.25-2-29x50.jpeg 29w, https:\/\/www.interfresa.com\/wp-content\/uploads\/2020\/04\/WhatsApp-Image-2020-04-01-at-17.05.25-2-44x75.jpeg 44w, https:\/\/www.interfresa.com\/wp-content\/uploads\/2020\/04\/WhatsApp-Image-2020-04-01-at-17.05.25-2.jpeg 937w\" sizes=\"auto, (max-width:767px) 480px, 600px\" \/><\/figure>\n<p><strong>El viernes continuar\u00e1 con un nuevo<br \/>\ntransporte y as\u00ed, cada dos d\u00edas, hasta cubrir todos los hospitales de Andaluc\u00eda<\/strong><\/p>\n<p>El primer cami\u00f3n con<br \/>\nfresas producidas en Huelva ya va camino de su destino, en este caso,<br \/>\nhospitales de la propia provincia de Huelva, que ser\u00e1n los primeros en recibir<br \/>\neste donativo realizado por los productores de fresa, frambuesa, ar\u00e1ndanos y<br \/>\nmoras bajo la coordinaci\u00f3n de Interfresa y con la colaboraci\u00f3n de la Consejer\u00eda<br \/>\nde Salud de la Junta de Andaluc\u00eda.<\/p>\n<figure class=\"wp-block-image size-large\"><img loading=\"lazy\" decoding=\"async\" width=\"768\" height=\"1024\" src=\"https:\/\/www.interfresa.com\/wp-content\/uploads\/2020\/04\/WhatsApp-Image-2020-04-01-at-17.05.25-3-768x1024.jpeg\" alt=\"\" class=\"wp-image-1284\" srcset=\"https:\/\/www.interfresa.com\/wp-content\/uploads\/2020\/04\/WhatsApp-Image-2020-04-01-at-17.05.25-3-768x1024.jpeg 768w, https:\/\/www.interfresa.com\/wp-content\/uploads\/2020\/04\/WhatsApp-Image-2020-04-01-at-17.05.25-3-225x300.jpeg 225w, https:\/\/www.interfresa.com\/wp-content\/uploads\/2020\/04\/WhatsApp-Image-2020-04-01-at-17.05.25-3-1152x1536.jpeg 1152w, https:\/\/www.interfresa.com\/wp-content\/uploads\/2020\/04\/WhatsApp-Image-2020-04-01-at-17.05.25-3-110x146.jpeg 110w, https:\/\/www.interfresa.com\/wp-content\/uploads\/2020\/04\/WhatsApp-Image-2020-04-01-at-17.05.25-3-38x50.jpeg 38w, https:\/\/www.interfresa.com\/wp-content\/uploads\/2020\/04\/WhatsApp-Image-2020-04-01-at-17.05.25-3-56x75.jpeg 56w, https:\/\/www.interfresa.com\/wp-content\/uploads\/2020\/04\/WhatsApp-Image-2020-04-01-at-17.05.25-3.jpeg 1200w\" sizes=\"auto, (max-width:767px) 480px, (max-width:768px) 100vw, 768px\" \/><\/figure>\n<p>La primera empresa en donar su fruta, m\u00e1s de 500 kilos de fresas de primera categor\u00eda cuidadosamente embaladas y con un mensaje de \u00e1nimo y superaci\u00f3n en esta crisis, es <strong>Frescort\u00e9s<\/strong>, una empresa agr\u00edcola de la localidad de Almonte, que voluntariamente ofreci\u00f3 el fruto de su trabajo que servir\u00e1 para no s\u00f3lo para aportar todas las propiedades nutritivas y saludables a los enfermos y sanitarios de nuestra provincia, sino tambi\u00e9n un poco de alegr\u00eda en estos duros momentos.<\/p>\n<p>En el d\u00eda de ayer, Interfresa envi\u00f3 a tres entidades de Sevilla <strong>200 kilos de fresas<\/strong> donadas por <strong>Grufesa<\/strong>. Estas entidades se ocupan de diversos comedores sociales y residencias de ancianos, una acci\u00f3n que se repetir\u00e1 en los pr\u00f3ximos d\u00edas gracias a la solidaridad de los agricultores del sector de la fresa y los frutos rojos de Huelva y de forma paralela al env\u00edo de fruta a los hospitales andaluces. Tambi\u00e9n se est\u00e1n donando equipos de protecci\u00f3n a sanitarios, polic\u00eda, etc. Los env\u00edos a hospitales continuar\u00e1n el pr\u00f3ximo viernes y se repetir\u00e1n cada dos d\u00edas hasta haber surtido de fresas todos los centros hospitalarios de Andaluc\u00eda. <\/p>\n<p>Interfresa quiere<br \/>\nreconocer p\u00fablicamente la solidaridad y la generosidad de los agricultores, y<br \/>\nla colaboraci\u00f3n y buena disposici\u00f3n que ha encontrado tanto en la Consejer\u00eda de<br \/>\nSalud como en la de Igualdad.<\/p>","protected":false},"excerpt":{"rendered":"<p>La iniciativa solidaria coordinada por Interfresa con la colaboraci\u00f3n de la Consejer\u00eda de Salud lleva m\u00e1s de 500 kilos de fresas de primera categor\u00eda a los centros hospitalarios Juan Ram\u00f3n Jim\u00e9nez, Infanta Elena y V\u00e1zquez D\u00edaz El viernes continuar\u00e1 con [\u2026]<\/p>\n","protected":false},"author":1,"featured_media":559,"comment_status":"open","ping_status":"open","sticky":false,"template":"","format":"standard","meta":{"footnotes":""},"categories":[9,12],"tags":[],"class_list":["post-74","post","type-post","status-publish","format-standard","has-post-thumbnail","hentry","category-general","category-sala-de-prensa"],"_links":{"self":[{"href":"https:\/\/www.interfresa.com\/en\/wp-json\/wp\/v2\/posts\/74","targetHints":{"allow":["GET"]}}],"collection":[{"href":"https:\/\/www.interfresa.com\/en\/wp-json\/wp\/v2\/posts"}],"about":[{"href":"https:\/\/www.interfresa.com\/en\/wp-json\/wp\/v2\/types\/post"}],"author":[{"embeddable":true,"href":"https:\/\/www.interfresa.com\/en\/wp-json\/wp\/v2\/users\/1"}],"replies":[{"embeddable":true,"href":"https:\/\/www.interfresa.com\/en\/wp-json\/wp\/v2\/comments?post=74"}],"version-history":[{"count":0,"href":"https:\/\/www.interfresa.com\/en\/wp-json\/wp\/v2\/posts\/74\/revisions"}],"wp:featuredmedia":[{"embeddable":true,"href":"https:\/\/www.interfresa.com\/en\/wp-json\/wp\/v2\/media\/559"}],"wp:attachment":[{"href":"https:\/\/www.interfresa.com\/en\/wp-json\/wp\/v2\/media?parent=74"}],"wp:term":[{"taxonomy":"category","embeddable":true,"href":"https:\/\/www.interfresa.com\/en\/wp-json\/wp\/v2\/categories?post=74"},{"taxonomy":"post_tag","embeddable":true,"href":"https:\/\/www.interfresa.com\/en\/wp-json\/wp\/v2\/tags?post=74"}],"curies":[{"name":"wp","href":"https:\/\/api.w.org\/{rel}","templated":true}]}}