{"id":73,"date":"2020-04-04T17:31:42","date_gmt":"2020-04-04T17:31:42","guid":{"rendered":"https:\/\/www.interfresa.com\/?p=73"},"modified":"2020-04-04T17:31:42","modified_gmt":"2020-04-04T17:31:42","slug":"fresas-y-frambuesas-para-endulzar-el-fin-de-semana-de-pacientes-medicos-policias-y-guardias-civiles","status":"publish","type":"post","link":"https:\/\/www.interfresa.com\/en\/fresas-y-frambuesas-para-endulzar-el-fin-de-semana-de-pacientes-medicos-policias-y-guardias-civiles\/","title":{"rendered":"Fresas y frambuesas para endulzar el fin de semana de pacientes, m\u00e9dicos, polic\u00edas y guardias civiles"},"content":{"rendered":"<p>Interfresa<strong> y la <\/strong>Consejer\u00eda de Salud<strong> hacen llegar un nuevo env\u00edo de fresas a otro hospital andaluz de la mano de <\/strong>Cobella<strong> mientras <\/strong>Garc\u00eda Garrido e Hijos<strong> dona 100 kilos de frambuesas para diversos colectivos decisivos en la lucha contra el Covid 19<\/strong><\/p>\n<p><strong>La <\/strong>Fundaci\u00f3n Caja Rural del Sur<strong> se suma a la acci\u00f3n solidaria de los agricultores del sector de los frutos rojos de Huelva<\/strong><\/p>\n<figure class=\"wp-block-image size-large\"><img loading=\"lazy\" decoding=\"async\" width=\"1024\" height=\"768\" src=\"https:\/\/www.interfresa.com\/wp-content\/uploads\/2020\/04\/WhatsApp-Image-2020-04-03-at-19.20.06-1-1024x768.jpeg\" alt=\"\" class=\"wp-image-1290\" srcset=\"https:\/\/www.interfresa.com\/wp-content\/uploads\/2020\/04\/WhatsApp-Image-2020-04-03-at-19.20.06-1-1024x768.jpeg 1024w, https:\/\/www.interfresa.com\/wp-content\/uploads\/2020\/04\/WhatsApp-Image-2020-04-03-at-19.20.06-1-300x225.jpeg 300w, https:\/\/www.interfresa.com\/wp-content\/uploads\/2020\/04\/WhatsApp-Image-2020-04-03-at-19.20.06-1-768x576.jpeg 768w, https:\/\/www.interfresa.com\/wp-content\/uploads\/2020\/04\/WhatsApp-Image-2020-04-03-at-19.20.06-1-1536x1152.jpeg 1536w, https:\/\/www.interfresa.com\/wp-content\/uploads\/2020\/04\/WhatsApp-Image-2020-04-03-at-19.20.06-1-195x146.jpeg 195w, https:\/\/www.interfresa.com\/wp-content\/uploads\/2020\/04\/WhatsApp-Image-2020-04-03-at-19.20.06-1-50x38.jpeg 50w, https:\/\/www.interfresa.com\/wp-content\/uploads\/2020\/04\/WhatsApp-Image-2020-04-03-at-19.20.06-1-100x75.jpeg 100w, https:\/\/www.interfresa.com\/wp-content\/uploads\/2020\/04\/WhatsApp-Image-2020-04-03-at-19.20.06-1-960x720.jpeg 960w, https:\/\/www.interfresa.com\/wp-content\/uploads\/2020\/04\/WhatsApp-Image-2020-04-03-at-19.20.06-1.jpeg 1600w\" sizes=\"auto, (max-width:767px) 480px, (max-width:1024px) 100vw, 1024px\" \/><\/figure>\n<p>Contin\u00faa la acci\u00f3n solidaria en la que los agricultores y comercializadores del <strong>sector de los frutos rojos de la provincia de Huelva<\/strong> se han embarcado con el fin de contribuir a <strong>aliviar la situaci\u00f3n de diversos colectivos en su lucha contra el Covid 19<\/strong>, y de proporcionar a <strong>enfermos, sanitarios y Cuerpos y Fuerzas de Seguridad del Estado <\/strong>toda la fuerza y la energ\u00eda que proporcionan estas frutas llenas de vitaminas y minerales.<\/p>\n<figure class=\"wp-block-image size-large\"><img loading=\"lazy\" decoding=\"async\" width=\"1024\" height=\"768\" src=\"https:\/\/www.interfresa.com\/wp-content\/uploads\/2020\/04\/WhatsApp-Image-2020-04-03-at-19.20.06-1024x768.jpeg\" alt=\"\" class=\"wp-image-1291\" srcset=\"https:\/\/www.interfresa.com\/wp-content\/uploads\/2020\/04\/WhatsApp-Image-2020-04-03-at-19.20.06-1024x768.jpeg 1024w, https:\/\/www.interfresa.com\/wp-content\/uploads\/2020\/04\/WhatsApp-Image-2020-04-03-at-19.20.06-300x225.jpeg 300w, https:\/\/www.interfresa.com\/wp-content\/uploads\/2020\/04\/WhatsApp-Image-2020-04-03-at-19.20.06-768x576.jpeg 768w, https:\/\/www.interfresa.com\/wp-content\/uploads\/2020\/04\/WhatsApp-Image-2020-04-03-at-19.20.06-1536x1152.jpeg 1536w, https:\/\/www.interfresa.com\/wp-content\/uploads\/2020\/04\/WhatsApp-Image-2020-04-03-at-19.20.06-195x146.jpeg 195w, https:\/\/www.interfresa.com\/wp-content\/uploads\/2020\/04\/WhatsApp-Image-2020-04-03-at-19.20.06-50x38.jpeg 50w, https:\/\/www.interfresa.com\/wp-content\/uploads\/2020\/04\/WhatsApp-Image-2020-04-03-at-19.20.06-100x75.jpeg 100w, https:\/\/www.interfresa.com\/wp-content\/uploads\/2020\/04\/WhatsApp-Image-2020-04-03-at-19.20.06-960x720.jpeg 960w, https:\/\/www.interfresa.com\/wp-content\/uploads\/2020\/04\/WhatsApp-Image-2020-04-03-at-19.20.06.jpeg 1600w\" sizes=\"auto, (max-width:767px) 480px, (max-width:1024px) 100vw, 1024px\" \/><\/figure>\n<p>Ayer sali\u00f3 un nuevo cami\u00f3n con destino a otro hospital andaluz. En esta ocasi\u00f3n, iba cargado de fresas de Cobella, empresa integrada en Onubafruit, que adem\u00e1s de fruta de calidad superior envi\u00f3 un mensaje de agradecimiento impreso en sus tarrinas, con destino a todas esas personas que en estos momentos no cejan en su lucha contra la pandemia, y a todos los enfermos que est\u00e1n resistiendo con valent\u00eda su ataque.<\/p>\n<figure class=\"wp-block-image size-large\"><img loading=\"lazy\" decoding=\"async\" width=\"1024\" height=\"768\" src=\"https:\/\/www.interfresa.com\/wp-content\/uploads\/2020\/04\/WhatsApp-Image-2020-04-03-at-19.32.43-1024x768.jpeg\" alt=\"\" class=\"wp-image-1292\" srcset=\"https:\/\/www.interfresa.com\/wp-content\/uploads\/2020\/04\/WhatsApp-Image-2020-04-03-at-19.32.43-1024x768.jpeg 1024w, https:\/\/www.interfresa.com\/wp-content\/uploads\/2020\/04\/WhatsApp-Image-2020-04-03-at-19.32.43-300x225.jpeg 300w, https:\/\/www.interfresa.com\/wp-content\/uploads\/2020\/04\/WhatsApp-Image-2020-04-03-at-19.32.43-768x576.jpeg 768w, https:\/\/www.interfresa.com\/wp-content\/uploads\/2020\/04\/WhatsApp-Image-2020-04-03-at-19.32.43-1536x1152.jpeg 1536w, https:\/\/www.interfresa.com\/wp-content\/uploads\/2020\/04\/WhatsApp-Image-2020-04-03-at-19.32.43-195x146.jpeg 195w, https:\/\/www.interfresa.com\/wp-content\/uploads\/2020\/04\/WhatsApp-Image-2020-04-03-at-19.32.43-50x38.jpeg 50w, https:\/\/www.interfresa.com\/wp-content\/uploads\/2020\/04\/WhatsApp-Image-2020-04-03-at-19.32.43-100x75.jpeg 100w, https:\/\/www.interfresa.com\/wp-content\/uploads\/2020\/04\/WhatsApp-Image-2020-04-03-at-19.32.43-960x720.jpeg 960w, https:\/\/www.interfresa.com\/wp-content\/uploads\/2020\/04\/WhatsApp-Image-2020-04-03-at-19.32.43.jpeg 1600w\" sizes=\"auto, (max-width:767px) 480px, (max-width:1024px) 100vw, 1024px\" \/><\/figure>\n<p>De forma paralela y gracias a la generosidad de la empresa rocianera Garc\u00eda Garrido e Hij<strong>os<\/strong>, un responsable de Interfresa pudo hacer entrega ayer de 100 kilos de <strong>frambuesas<\/strong> a distintas entidades de las localidades de<strong> Punta Umbr\u00eda y Aljaraque<\/strong>: centros de salud, Polic\u00eda Local, Guardia Civil e incluso farmacias recibieron este presente que contribuy\u00f3 a hacer m\u00e1s dulce la tarea que desempe\u00f1an d\u00eda a d\u00eda. Todos ellos mostraron su agradecimiento para con este agricultor onubense que voluntariamente ha ofrecido el fruto de su trabajo.<\/p>\n<figure class=\"wp-block-image size-large\"><img loading=\"lazy\" decoding=\"async\" width=\"1024\" height=\"768\" src=\"https:\/\/www.interfresa.com\/wp-content\/uploads\/2020\/04\/WhatsApp-Image-2020-04-03-at-19.20.08-1024x768.jpeg\" alt=\"\" class=\"wp-image-1293\" srcset=\"https:\/\/www.interfresa.com\/wp-content\/uploads\/2020\/04\/WhatsApp-Image-2020-04-03-at-19.20.08-1024x768.jpeg 1024w, https:\/\/www.interfresa.com\/wp-content\/uploads\/2020\/04\/WhatsApp-Image-2020-04-03-at-19.20.08-300x225.jpeg 300w, https:\/\/www.interfresa.com\/wp-content\/uploads\/2020\/04\/WhatsApp-Image-2020-04-03-at-19.20.08-768x576.jpeg 768w, https:\/\/www.interfresa.com\/wp-content\/uploads\/2020\/04\/WhatsApp-Image-2020-04-03-at-19.20.08-1536x1152.jpeg 1536w, https:\/\/www.interfresa.com\/wp-content\/uploads\/2020\/04\/WhatsApp-Image-2020-04-03-at-19.20.08-195x146.jpeg 195w, https:\/\/www.interfresa.com\/wp-content\/uploads\/2020\/04\/WhatsApp-Image-2020-04-03-at-19.20.08-50x38.jpeg 50w, https:\/\/www.interfresa.com\/wp-content\/uploads\/2020\/04\/WhatsApp-Image-2020-04-03-at-19.20.08-100x75.jpeg 100w, https:\/\/www.interfresa.com\/wp-content\/uploads\/2020\/04\/WhatsApp-Image-2020-04-03-at-19.20.08-960x720.jpeg 960w, https:\/\/www.interfresa.com\/wp-content\/uploads\/2020\/04\/WhatsApp-Image-2020-04-03-at-19.20.08.jpeg 1600w\" sizes=\"auto, (max-width:767px) 480px, (max-width:1024px) 100vw, 1024px\" \/><\/figure>\n<p>Por otro lado, Interfresa celebra desde ayer el hecho de contar con un nuevo aliado en su acci\u00f3n solidaria, tras sumarse a la misma la <strong>Fundaci\u00f3n Caja Rural del Sur,<\/strong> que ayudar\u00e1 en las tareas de coordinaci\u00f3n y entrega de los distintos donativos realizados por los agricultores de los frutos rojos de Andaluc\u00eda.<\/p>","protected":false},"excerpt":{"rendered":"<p>Interfresa y la Consejer\u00eda de Salud hacen llegar un nuevo env\u00edo de fresas a otro hospital andaluz de la mano de Cobella mientras Garc\u00eda Garrido e Hijos dona 100 kilos de frambuesas para diversos colectivos decisivos en la lucha contra [\u2026]<\/p>\n","protected":false},"author":1,"featured_media":558,"comment_status":"open","ping_status":"open","sticky":false,"template":"","format":"standard","meta":{"footnotes":""},"categories":[9,12],"tags":[],"class_list":["post-73","post","type-post","status-publish","format-standard","has-post-thumbnail","hentry","category-general","category-sala-de-prensa"],"_links":{"self":[{"href":"https:\/\/www.interfresa.com\/en\/wp-json\/wp\/v2\/posts\/73","targetHints":{"allow":["GET"]}}],"collection":[{"href":"https:\/\/www.interfresa.com\/en\/wp-json\/wp\/v2\/posts"}],"about":[{"href":"https:\/\/www.interfresa.com\/en\/wp-json\/wp\/v2\/types\/post"}],"author":[{"embeddable":true,"href":"https:\/\/www.interfresa.com\/en\/wp-json\/wp\/v2\/users\/1"}],"replies":[{"embeddable":true,"href":"https:\/\/www.interfresa.com\/en\/wp-json\/wp\/v2\/comments?post=73"}],"version-history":[{"count":0,"href":"https:\/\/www.interfresa.com\/en\/wp-json\/wp\/v2\/posts\/73\/revisions"}],"wp:featuredmedia":[{"embeddable":true,"href":"https:\/\/www.interfresa.com\/en\/wp-json\/wp\/v2\/media\/558"}],"wp:attachment":[{"href":"https:\/\/www.interfresa.com\/en\/wp-json\/wp\/v2\/media?parent=73"}],"wp:term":[{"taxonomy":"category","embeddable":true,"href":"https:\/\/www.interfresa.com\/en\/wp-json\/wp\/v2\/categories?post=73"},{"taxonomy":"post_tag","embeddable":true,"href":"https:\/\/www.interfresa.com\/en\/wp-json\/wp\/v2\/tags?post=73"}],"curies":[{"name":"wp","href":"https:\/\/api.w.org\/{rel}","templated":true}]}}