{"id":67,"date":"2020-05-18T11:27:40","date_gmt":"2020-05-18T11:27:40","guid":{"rendered":"https:\/\/www.interfresa.com\/?p=67"},"modified":"2020-05-18T11:27:40","modified_gmt":"2020-05-18T11:27:40","slug":"interfresa-se-adhiere-a-la-denuncia-del-sector-agrario-contra-la-estigmatizacion-del-ministerio-de-trabajo","status":"publish","type":"post","link":"https:\/\/www.interfresa.com\/en\/interfresa-se-adhiere-a-la-denuncia-del-sector-agrario-contra-la-estigmatizacion-del-ministerio-de-trabajo\/","title":{"rendered":"Interfresa se adhiere a la denuncia del sector agrario contra la estigmatizaci\u00f3n del Ministerio de Trabajo"},"content":{"rendered":"<p>La\u00a0<strong>Interprofesional de la Fresa y los Frutos Rojos de Andaluc\u00eda, Interfresa<\/strong>, se ha adherido junto a otras entidades como <strong>Coexphal, Ecohal y Freshuelva<\/strong> a la declaraci\u00f3n conjunta emitida por el <strong>Gobierno de Andaluc\u00eda y las organizaciones agrarias representadas en la Mesa de Interlocuci\u00f3n (Asaja, COAG, UPA y Cooperativas Agroalimentarias de Andaluc\u00eda)<\/strong> en defensa del sector agroalimentario andaluz y espa\u00f1ol tras conocerse los perjuicios que est\u00e1 ocasionando la publicaci\u00f3n en los medios de comunicaci\u00f3n de una instrucci\u00f3n interna dictada por el <strong>Ministerio de Trabajo y Econom\u00eda Social del Gobierno de Espa\u00f1a<\/strong> a la imagen de este sector productivo, as\u00ed como las repercusiones que pueden conllevar la p\u00e9rdida de confianza en nuestros productos en los mercados nacionales e internacionales.<\/p>\n<p>En un comunicado emitido  por la Junta, \u00abse quiere mostrar el malestar por las informaciones publicadas en torno a esta instrucci\u00f3n interna del Ministerio de Trabajo en la que se estigmatiza y extrapola una imagen err\u00f3nea del sector y se le pide explicaciones a la ministra sobre el contenido de dicha instrucci\u00f3n en donde -seg\u00fan los propios medios- se transmiten directrices a los inspectores de Trabajo para que persigan las supuestas condiciones de \u201cesclavitud laboral o pr\u00e1cticas similares\u201d o \u00abmalos tratos\u00bb en las campa\u00f1as agr\u00edcolas de mayo y junio\u00bb. <\/p>\n<p>\u00abA\u00fan siendo conscientes -prosigue el comunicado- de la importancia de la realizaci\u00f3n de las inspecciones en general, lo que nos parece inaceptable son los t\u00e9rminos recogidos en di- chas instrucciones a la hora de referirse a los profesionales del campo y la agroindustria. Y es que \u00e9stos se alejan mucho de la realidad de un sector que es reconocido por sus esfuerzos en materia de investigaci\u00f3n, innovaci\u00f3n, as\u00ed como en sostenibilidad ambiental y social\u00bb. <\/p>\n<p>En segundo lugar, \u00absolicitar la intercesi\u00f3n inmediata y la defensa del sector por parte del ministro de Agricultura, Pesca y Alimentaci\u00f3n, Sr. D. Luis Planas, en el seno del Ejecutivo nacional para que solicite tambi\u00e9n las pertinentes explicaciones.\u00bb <\/p>\n<p>El comunicado destaca que \u00abexigimos a la ministra de Trabajo y Econom\u00eda Social la modificaci\u00f3n inmediata de la instrucci\u00f3n si en su contexto recoge estos t\u00e9rminos tan desafortunados y da\u00f1inos, pues criminaliza de forma general a un sector estrat\u00e9gico que es pilar b\u00e1sico de la balanza comercial de Espa\u00f1a. En concreto, en Andaluc\u00eda este sector supone el 10% del empleo y el 11% del PIB, adem\u00e1s de jugar un papel vertebrador de nuestra sociedad al ser capaz de responder, de forma ejemplar, en los contextos socioecon\u00f3micos m\u00e1s complicados\u00bb. <\/p>\n<p>Asimismo, \u00abconsideramos incomprensible que estas cuestiones lleguen, adem\u00e1s, en un momento en el que el sector ha sido clave durante la crisis sanitaria provocada por el coronavirus. Un sector esencial que, al igual que otros, ha seguido manteniendo su actividad para no dejar de abastecer los mercados nacionales e internacionales de productos b\u00e1sicos en la alimentaci\u00f3n de los europeos\u00bb. <\/p>\n<p>\u00abLa uni\u00f3n demostrada durante este periodo -prosigue- ha permitido a una parte de la so- ciedad espa\u00f1ola redescubrir los valores de nuestra agricultura, un sector pri- mario que ha hecho de la sostenibilidad uno de sus estandartes, no s\u00f3lo desde el punto de vista medioambiental sino tambi\u00e9n social, siendo capaz de generar empleo de calidad\u00bb. <\/p>\n<p>\u00abComo ha quedado constatado en otros periodos de recesi\u00f3n, la agricultura y la ganader\u00eda se han convertido, una vez m\u00e1s, en colch\u00f3n de la crisis. Por todo ello, entendemos que frente a ataques externos, las administraciones, las organizaciones agrarias y los trabajadores del campo deben apelar hoy con m\u00e1s fuerza si cabe al esp\u00edritu de colaboraci\u00f3n. En este complejo e in\u00e9dito escenario en el que nos encontramos, rechazamos ataques gratuitos a un sec- tor que si por algo destaca es por la excepcional convivencia de sus miembros\u00bb, a\u00f1ade. <\/p>\n<p>Por eso, \u00abLejos de provocar irreparables da\u00f1os a la imagen de nuestros agricultores y ganaderos, desde Andaluc\u00eda entendemos como una obligaci\u00f3n transmitir la verdadera imagen del campo, que es solidario, innovador y capaz de aportar vida y salud. Por \u00faltimo, queremos condenar cualquier comportamiento inacep- table que se pueda producir en cualquier sector productivo y econ\u00f3mico del territorio nacional, pero entendiendo que \u00e9stos deben considerarse, en todo caso, como hechos puntuales y nunca ser tratados de forma generalizada\u00bb. <\/p>\n<figure class=\"wp-block-image size-large\"><img loading=\"lazy\" decoding=\"async\" width=\"623\" height=\"1024\" src=\"https:\/\/www.interfresa.com\/wp-content\/uploads\/2020\/05\/200517_Declaracio%CC%81n-apoyo-al-sector.pdf.pdf-copia-1-623x1024.jpg\" alt=\"\" class=\"wp-image-1332\" srcset=\"https:\/\/www.interfresa.com\/wp-content\/uploads\/2020\/05\/200517_Declaracio\u0301n-apoyo-al-sector.pdf.pdf-copia-1-623x1024.jpg 623w, https:\/\/www.interfresa.com\/wp-content\/uploads\/2020\/05\/200517_Declaracio\u0301n-apoyo-al-sector.pdf.pdf-copia-1-182x300.jpg 182w, https:\/\/www.interfresa.com\/wp-content\/uploads\/2020\/05\/200517_Declaracio\u0301n-apoyo-al-sector.pdf.pdf-copia-1-768x1263.jpg 768w, https:\/\/www.interfresa.com\/wp-content\/uploads\/2020\/05\/200517_Declaracio\u0301n-apoyo-al-sector.pdf.pdf-copia-1-934x1536.jpg 934w, https:\/\/www.interfresa.com\/wp-content\/uploads\/2020\/05\/200517_Declaracio\u0301n-apoyo-al-sector.pdf.pdf-copia-1-1246x2048.jpg 1246w, https:\/\/www.interfresa.com\/wp-content\/uploads\/2020\/05\/200517_Declaracio\u0301n-apoyo-al-sector.pdf.pdf-copia-1-89x146.jpg 89w, https:\/\/www.interfresa.com\/wp-content\/uploads\/2020\/05\/200517_Declaracio\u0301n-apoyo-al-sector.pdf.pdf-copia-1-30x50.jpg 30w, https:\/\/www.interfresa.com\/wp-content\/uploads\/2020\/05\/200517_Declaracio\u0301n-apoyo-al-sector.pdf.pdf-copia-1-46x75.jpg 46w, https:\/\/www.interfresa.com\/wp-content\/uploads\/2020\/05\/200517_Declaracio\u0301n-apoyo-al-sector.pdf.pdf-copia-1-scaled.jpg 1557w\" sizes=\"auto, (max-width:767px) 480px, 623px\" \/><\/figure>\n<figure class=\"wp-block-image size-large\"><img loading=\"lazy\" decoding=\"async\" width=\"623\" height=\"1024\" src=\"https:\/\/www.interfresa.com\/wp-content\/uploads\/2020\/05\/200517_Declaracio%CC%81n-apoyo-al-sector.pdf.pdf-copia-2-623x1024.jpg\" alt=\"\" class=\"wp-image-1333\" srcset=\"https:\/\/www.interfresa.com\/wp-content\/uploads\/2020\/05\/200517_Declaracio\u0301n-apoyo-al-sector.pdf.pdf-copia-2-623x1024.jpg 623w, https:\/\/www.interfresa.com\/wp-content\/uploads\/2020\/05\/200517_Declaracio\u0301n-apoyo-al-sector.pdf.pdf-copia-2-182x300.jpg 182w, https:\/\/www.interfresa.com\/wp-content\/uploads\/2020\/05\/200517_Declaracio\u0301n-apoyo-al-sector.pdf.pdf-copia-2-768x1263.jpg 768w, https:\/\/www.interfresa.com\/wp-content\/uploads\/2020\/05\/200517_Declaracio\u0301n-apoyo-al-sector.pdf.pdf-copia-2-934x1536.jpg 934w, https:\/\/www.interfresa.com\/wp-content\/uploads\/2020\/05\/200517_Declaracio\u0301n-apoyo-al-sector.pdf.pdf-copia-2-1246x2048.jpg 1246w, https:\/\/www.interfresa.com\/wp-content\/uploads\/2020\/05\/200517_Declaracio\u0301n-apoyo-al-sector.pdf.pdf-copia-2-89x146.jpg 89w, https:\/\/www.interfresa.com\/wp-content\/uploads\/2020\/05\/200517_Declaracio\u0301n-apoyo-al-sector.pdf.pdf-copia-2-30x50.jpg 30w, https:\/\/www.interfresa.com\/wp-content\/uploads\/2020\/05\/200517_Declaracio\u0301n-apoyo-al-sector.pdf.pdf-copia-2-46x75.jpg 46w, https:\/\/www.interfresa.com\/wp-content\/uploads\/2020\/05\/200517_Declaracio\u0301n-apoyo-al-sector.pdf.pdf-copia-2-scaled.jpg 1557w\" sizes=\"auto, (max-width:767px) 480px, 623px\" \/><\/figure>","protected":false},"excerpt":{"rendered":"<p>La\u00a0Interprofesional de la Fresa y los Frutos Rojos de Andaluc\u00eda, Interfresa, se ha adherido junto a otras entidades como Coexphal, Ecohal y Freshuelva a la declaraci\u00f3n conjunta emitida por el Gobierno de Andaluc\u00eda y las organizaciones agrarias representadas en la [\u2026]<\/p>\n","protected":false},"author":1,"featured_media":555,"comment_status":"open","ping_status":"open","sticky":false,"template":"","format":"standard","meta":{"footnotes":""},"categories":[9,12],"tags":[],"class_list":["post-67","post","type-post","status-publish","format-standard","has-post-thumbnail","hentry","category-general","category-sala-de-prensa"],"_links":{"self":[{"href":"https:\/\/www.interfresa.com\/en\/wp-json\/wp\/v2\/posts\/67","targetHints":{"allow":["GET"]}}],"collection":[{"href":"https:\/\/www.interfresa.com\/en\/wp-json\/wp\/v2\/posts"}],"about":[{"href":"https:\/\/www.interfresa.com\/en\/wp-json\/wp\/v2\/types\/post"}],"author":[{"embeddable":true,"href":"https:\/\/www.interfresa.com\/en\/wp-json\/wp\/v2\/users\/1"}],"replies":[{"embeddable":true,"href":"https:\/\/www.interfresa.com\/en\/wp-json\/wp\/v2\/comments?post=67"}],"version-history":[{"count":0,"href":"https:\/\/www.interfresa.com\/en\/wp-json\/wp\/v2\/posts\/67\/revisions"}],"wp:featuredmedia":[{"embeddable":true,"href":"https:\/\/www.interfresa.com\/en\/wp-json\/wp\/v2\/media\/555"}],"wp:attachment":[{"href":"https:\/\/www.interfresa.com\/en\/wp-json\/wp\/v2\/media?parent=67"}],"wp:term":[{"taxonomy":"category","embeddable":true,"href":"https:\/\/www.interfresa.com\/en\/wp-json\/wp\/v2\/categories?post=67"},{"taxonomy":"post_tag","embeddable":true,"href":"https:\/\/www.interfresa.com\/en\/wp-json\/wp\/v2\/tags?post=67"}],"curies":[{"name":"wp","href":"https:\/\/api.w.org\/{rel}","templated":true}]}}