{"id":66,"date":"2020-06-03T12:50:52","date_gmt":"2020-06-03T12:50:52","guid":{"rendered":"https:\/\/www.interfresa.com\/?p=66"},"modified":"2020-06-03T12:50:52","modified_gmt":"2020-06-03T12:50:52","slug":"comunicado","status":"publish","type":"post","link":"https:\/\/www.interfresa.com\/en\/comunicado\/","title":{"rendered":"Comunicado oficial"},"content":{"rendered":"<p><strong>Desde Interfresa, Interprofesional de la Fresa y los Frutos Rojos de Andaluc\u00eda<\/strong>, queremos en primer lugar dejar constancia de nuestro respeto m\u00e1s escrupuloso a la acci\u00f3n de la inspecci\u00f3n y de los <strong>Cuerpos y Fuerzas de Seguridad del Estado<\/strong>, que, en el ejercicio de su obligaci\u00f3n, <strong>velan tambi\u00e9n por garantizar los derechos <\/strong>de todas las personas que integran nuestro sector. <\/p>\n<p>Como es sabido, Interfresa colabora estrechamente y de forma diaria con la Guardia Civil, por lo que conocemos su trabajo y el celo con el que desarrollan sus investigaciones y acciones, lo que para la interprofesional y las organizaciones que la integran \u2013<strong>Asaja-Huelva, Freshuelva y Cooperativas Agro Alimentarias<\/strong>-, es siempre motivo de tranquilidad y garant\u00eda de salvaguarda para todos los que desarrollan su actividad bajo el imperio de la Ley.<\/p>\n<p>En este sentido, Interfresa quiere poner en valor el compromiso de las organizaciones miembro, de los agricultores y de los empresarios que act\u00faan en su d\u00eda a d\u00eda en el cumplimiento del <strong>Convenio del Campo de la Provincia de Huelva, del Estatuto de los Trabajadores y por supuesto, <\/strong>quiere ensalzar a todos los que forman parte del <strong>Prelsi, Plan de Responsabilidad \u00c9tica, Laboral, Social y de Igualdad <\/strong>que la interprofesional puso en marcha hace dos a\u00f1os de forma pionera en Espa\u00f1a y que ha situado al sector productor y comercializador de los frutos rojos, <strong>generador de empleo y riqueza<\/strong>, a la vanguardia en el respeto de los derechos de los trabajadores y de la paz social. <\/p>\n<p>Cabe recordar que, hasta el momento, la adhesi\u00f3n al Prelsi es voluntaria y que el <strong>97% de las empresas forman parte de \u00e9l, <\/strong>lo que da cuenta de cu\u00e1l es la actitud mayoritaria dentro del sector: madura, de compromiso y de convencimiento acerca de cu\u00e1l es el modo correcto de proceder.<\/p>\n<p>Finalmente, la interprofesional lamenta profundamente que se hayan podido<br \/>\nproducir presuntas pr\u00e1cticas que puedan ir en contra de ese orden y de la<br \/>\nlegalidad que de forma f\u00e9rrea promueven tanto la interprofesional como las<br \/>\norganizaciones que la componen y espera que sea la Justicia la que dilucide de<br \/>\nforma r\u00e1pida y eficaz la naturaleza verdadera de esas acciones, y que se<br \/>\naplique la Ley para que la presunta actuaci\u00f3n de una minor\u00eda deje de enturbiar<br \/>\nel buen trabajo y el respeto con el que act\u00faa la inmensa mayor\u00eda.<\/p>\n<p>Igualmente, invita a quienes quieran sacar r\u00e9ditos de este tipo de<br \/>\nsituaciones a que se atengan a las normas y ejerzan el derecho de denuncia con<br \/>\nlas pertinentes pruebas y ante la Justicia, y no con el \u00e1nimo de dilapidar el<br \/>\nprestigio de todo un sector con intereses espurios y con af\u00e1n de obtener una<br \/>\nnotoriedad que no alcanzan a conseguir de formas m\u00e1s constructivas.<\/p>","protected":false},"excerpt":{"rendered":"<p>Desde Interfresa, Interprofesional de la Fresa y los Frutos Rojos de Andaluc\u00eda, queremos en primer lugar dejar constancia de nuestro respeto m\u00e1s escrupuloso a la acci\u00f3n de la inspecci\u00f3n y de los Cuerpos y Fuerzas de Seguridad del Estado, que, [\u2026]<\/p>\n","protected":false},"author":1,"featured_media":0,"comment_status":"open","ping_status":"open","sticky":false,"template":"","format":"standard","meta":{"footnotes":""},"categories":[9,12],"tags":[],"class_list":["post-66","post","type-post","status-publish","format-standard","hentry","category-general","category-sala-de-prensa"],"_links":{"self":[{"href":"https:\/\/www.interfresa.com\/en\/wp-json\/wp\/v2\/posts\/66","targetHints":{"allow":["GET"]}}],"collection":[{"href":"https:\/\/www.interfresa.com\/en\/wp-json\/wp\/v2\/posts"}],"about":[{"href":"https:\/\/www.interfresa.com\/en\/wp-json\/wp\/v2\/types\/post"}],"author":[{"embeddable":true,"href":"https:\/\/www.interfresa.com\/en\/wp-json\/wp\/v2\/users\/1"}],"replies":[{"embeddable":true,"href":"https:\/\/www.interfresa.com\/en\/wp-json\/wp\/v2\/comments?post=66"}],"version-history":[{"count":0,"href":"https:\/\/www.interfresa.com\/en\/wp-json\/wp\/v2\/posts\/66\/revisions"}],"wp:attachment":[{"href":"https:\/\/www.interfresa.com\/en\/wp-json\/wp\/v2\/media?parent=66"}],"wp:term":[{"taxonomy":"category","embeddable":true,"href":"https:\/\/www.interfresa.com\/en\/wp-json\/wp\/v2\/categories?post=66"},{"taxonomy":"post_tag","embeddable":true,"href":"https:\/\/www.interfresa.com\/en\/wp-json\/wp\/v2\/tags?post=66"}],"curies":[{"name":"wp","href":"https:\/\/api.w.org\/{rel}","templated":true}]}}