{"id":63,"date":"2020-07-08T12:33:03","date_gmt":"2020-07-08T12:33:03","guid":{"rendered":"https:\/\/www.interfresa.com\/?p=63"},"modified":"2020-07-08T12:33:03","modified_gmt":"2020-07-08T12:33:03","slug":"el-sector-redobla-esfuerzos-para-mejorar-el-bienestar-de-las-trabajadoras-marroquies-atrapadas-en-espana","status":"publish","type":"post","link":"https:\/\/www.interfresa.com\/en\/el-sector-redobla-esfuerzos-para-mejorar-el-bienestar-de-las-trabajadoras-marroquies-atrapadas-en-espana\/","title":{"rendered":"El sector redobla esfuerzos para mejorar el bienestar de las trabajadoras marroqu\u00edes atrapadas en Espa\u00f1a"},"content":{"rendered":"<p><strong>Mientras esperan la reacci\u00f3n del<br \/>\nGobierno de Espa\u00f1a y del Reino de Marruecos, la interprofesional hace<br \/>\nextensivas algunas recomendaciones y comparte experiencias positivas puestas en<br \/>\nmarcha por algunos agricultores &nbsp;<\/strong><\/p>\n<p>A punto de llegar a mediados del mes de julio y en medio de una situaci\u00f3n inaudita en la larga trayectoria del proceso de contrataci\u00f3n en origen como es el abandono de nacionales marroqu\u00edes por parte de su Gobierno en suelo espa\u00f1ol y el consiguiente incumplimiento de la <strong>Orden Gecco<\/strong>, el sector productor de la fresa y los frutos rojos de la provincia de Huelva implementa todas las medidas que considera que pueden ser positivas para mejorar las cotas de bienestar de las <strong>7.100 trabajadoras <\/strong>que permanecen en nuestra provincia.<\/p>\n<p>Al mantenimiento en activo y con refuerzos de visitas por parte del equipo de consultores de integraci\u00f3n del Prelsi \u2013<strong>el Plan de Responsabilidad \u00c9tica, Laboral, Social y de Igualdad de Interfresa, la Interprofesional de la Fresa y los Frutos Rojos de Andaluc\u00eda<\/strong>-, que a estas alturas del a\u00f1o, en condiciones normales, estar\u00eda desactivado y a punto de comenzar su formaci\u00f3n de cara a la pr\u00f3xima campa\u00f1a, la interprofesional est\u00e1 en permanente contacto con organizaciones agrarias y con empresarios para hacer extensivas algunas recomendaciones que considera de inter\u00e9s a la hora de mejorar el bienestar de estas personas.<\/p>\n<p>Estas recomendaciones<br \/>\nparten adem\u00e1s de la experiencia que muchos agricultores est\u00e1n poniendo en<br \/>\nmarcha, por iniciativa propia, en sus empresas, y que engloban acciones referentes<br \/>\ntanto a su bienestar f\u00edsico como emocional, que, dicho sea de paso, ahora mismo<br \/>\nes lo que m\u00e1s preocupa, puesto que la tensi\u00f3n psicol\u00f3gica de estas mujeres<br \/>\naumenta con cada d\u00eda que pasa.<\/p>\n<p>Cabe recordar que muchas<br \/>\nde ellas llevan en nuestro pa\u00eds desde diciembre y que, hasta el momento, el<br \/>\nReino de Marruecos no ha ofrecido ninguna informaci\u00f3n que contribuya a rebajar<br \/>\nsu incertidumbre y a ofrecer un horizonte m\u00ednimamente esperanzador sobre cu\u00e1ndo<br \/>\nse producir\u00e1 su regreso. Bien es cierto que su manutenci\u00f3n, tras haber enviado<br \/>\nsus ahorros a Marruecos, supone tambi\u00e9n cuesti\u00f3n preocupante, pero lo es mucho<br \/>\nm\u00e1s la ansiedad y la angustia que en general presenta este colectivo. <\/p>\n<p>Nuevamente, Interfresa quiere poner de manifiesto el enorme trabajo que est\u00e1n realizando los<strong> consultores de integraci\u00f3n del Prelsi<\/strong> y agradecer a todos los empresarios que est\u00e1n teniendo iniciativas propias para cuidar de estas personas no s\u00f3lo su af\u00e1n por aportar, sino tambi\u00e9n su generosidad y su responsabilidad a la hora de compartir estas propuestas con todo el sector.<\/p>\n<p>Por \u00faltimo, Interfresa, que mantiene contacto diario tanto con el <strong>Gobierno de Espa\u00f1a <\/strong>como con el <strong>Reino de Marruecos<\/strong>, quiere hacer un llamamiento a \u00e9stos para que asuman de una vez por todas su responsabilidad respecto a estas personas, que no demoren por m\u00e1s tiempo esta lamentable situaci\u00f3n y que den muestras de la humanidad y el compromiso que ellos mismos exigen a los dem\u00e1s.<\/p>","protected":false},"excerpt":{"rendered":"<p>Mientras esperan la reacci\u00f3n del Gobierno de Espa\u00f1a y del Reino de Marruecos, la interprofesional hace extensivas algunas recomendaciones y comparte experiencias positivas puestas en marcha por algunos agricultores &nbsp; A punto de llegar a mediados del mes de julio [\u2026]<\/p>\n","protected":false},"author":1,"featured_media":0,"comment_status":"open","ping_status":"open","sticky":false,"template":"","format":"standard","meta":{"footnotes":""},"categories":[9,12],"tags":[],"class_list":["post-63","post","type-post","status-publish","format-standard","hentry","category-general","category-sala-de-prensa"],"_links":{"self":[{"href":"https:\/\/www.interfresa.com\/en\/wp-json\/wp\/v2\/posts\/63","targetHints":{"allow":["GET"]}}],"collection":[{"href":"https:\/\/www.interfresa.com\/en\/wp-json\/wp\/v2\/posts"}],"about":[{"href":"https:\/\/www.interfresa.com\/en\/wp-json\/wp\/v2\/types\/post"}],"author":[{"embeddable":true,"href":"https:\/\/www.interfresa.com\/en\/wp-json\/wp\/v2\/users\/1"}],"replies":[{"embeddable":true,"href":"https:\/\/www.interfresa.com\/en\/wp-json\/wp\/v2\/comments?post=63"}],"version-history":[{"count":0,"href":"https:\/\/www.interfresa.com\/en\/wp-json\/wp\/v2\/posts\/63\/revisions"}],"wp:attachment":[{"href":"https:\/\/www.interfresa.com\/en\/wp-json\/wp\/v2\/media?parent=63"}],"wp:term":[{"taxonomy":"category","embeddable":true,"href":"https:\/\/www.interfresa.com\/en\/wp-json\/wp\/v2\/categories?post=63"},{"taxonomy":"post_tag","embeddable":true,"href":"https:\/\/www.interfresa.com\/en\/wp-json\/wp\/v2\/tags?post=63"}],"curies":[{"name":"wp","href":"https:\/\/api.w.org\/{rel}","templated":true}]}}