{"id":491,"date":"2021-10-06T14:22:22","date_gmt":"2021-10-06T14:22:22","guid":{"rendered":"https:\/\/www.interfresa.com\/?p=491"},"modified":"2021-10-06T14:22:22","modified_gmt":"2021-10-06T14:22:22","slug":"el-sector-de-los-frutos-rojos-presente-en-madrid-se-vuelca-con-el-prelsi-2022","status":"publish","type":"post","link":"https:\/\/www.interfresa.com\/en\/el-sector-de-los-frutos-rojos-presente-en-madrid-se-vuelca-con-el-prelsi-2022\/","title":{"rendered":"El sector de los frutos rojos presente en Madrid se vuelca con el Prelsi 2022"},"content":{"rendered":"<p><strong>M\u00e1s de la mitad de las compa\u00f1\u00edas productoras y comercializadoras que participan en <\/strong>Fruit Attractio<strong>n han aprovechado la feria para sellar su compromiso con la <\/strong>responsabilidad social, laboral y la igualdad en sus empresas<\/p>\n<p><strong>La Interprofesional de la Fresa y los Frutos Rojos de Andaluc\u00eda, Interfresa<\/strong>, vuelve un a\u00f1o m\u00e1s a obtener el respaldo de las empresas productoras y comercializadoras de frutos rojos que creen en la utilidad y la contribuci\u00f3n al bienestar de todas las personas que participan en la campa\u00f1a que proporciona, desde su creaci\u00f3n, el <strong>Prelsi. <\/strong>El <strong>Plan de Responsabilidad \u00c9tico, Laboral, Social y de Igualdad de Interfresa<\/strong>, creado en 2018, va as\u00ed camino de afrontar un nuevo ejercicio y lo hace con el apoyo decidido de la mayor parte de las empresas que han acudido a la m\u00e1s importante feria agroalimentaria de nuestro pa\u00eds: Fruit Attraction.<\/p>\n<figure class=\"wp-block-image size-large\"><img loading=\"lazy\" decoding=\"async\" width=\"1024\" height=\"576\" src=\"https:\/\/www.interfresa.com\/wp-content\/uploads\/2021\/10\/don%CC%83ana98-1024x576.jpeg\" alt=\"\" class=\"wp-image-1469\" srcset=\"https:\/\/www.interfresa.com\/wp-content\/uploads\/2021\/10\/don\u0303ana98-1024x576.jpeg 1024w, https:\/\/www.interfresa.com\/wp-content\/uploads\/2021\/10\/don\u0303ana98-300x169.jpeg 300w, https:\/\/www.interfresa.com\/wp-content\/uploads\/2021\/10\/don\u0303ana98-768x432.jpeg 768w, https:\/\/www.interfresa.com\/wp-content\/uploads\/2021\/10\/don\u0303ana98-1536x864.jpeg 1536w, https:\/\/www.interfresa.com\/wp-content\/uploads\/2021\/10\/don\u0303ana98-260x146.jpeg 260w, https:\/\/www.interfresa.com\/wp-content\/uploads\/2021\/10\/don\u0303ana98-50x28.jpeg 50w, https:\/\/www.interfresa.com\/wp-content\/uploads\/2021\/10\/don\u0303ana98-133x75.jpeg 133w, https:\/\/www.interfresa.com\/wp-content\/uploads\/2021\/10\/don\u0303ana98-1200x675.jpeg 1200w, https:\/\/www.interfresa.com\/wp-content\/uploads\/2021\/10\/don\u0303ana98.jpeg 1600w\" sizes=\"auto, (max-width:767px) 480px, (max-width:1024px) 100vw, 1024px\" \/><\/figure>\n<p>Fruit Attraction est\u00e1 siendo muy especial en esta edici\u00f3n, en primer lugar,<br \/>\nporque supone recobrar el contacto con proveedores, exportadores, compradores y<br \/>\ntodos los agentes que intervienen en la cadena de producci\u00f3n y comercializaci\u00f3n<br \/>\nde frutas y verduras, un contacto interrumpido por la pandemia que se ha<br \/>\nretomado con gran energ\u00eda por parte de todos.<\/p>\n<p>Una energ\u00eda y entusiasmo que, en el caso del sector de los frutos rojos de<br \/>\nHuelva, se percibe en el esmero con el que las distintas empresas y<br \/>\ncooperativas han preparado sus stands en la feria y en la fren\u00e9tica actividad<br \/>\nque mantienen desde el primer minuto en el que se abrieron las puertas de<br \/>\nIfema.<\/p>\n<figure class=\"wp-block-image size-large\"><img loading=\"lazy\" decoding=\"async\" width=\"768\" height=\"1024\" src=\"https:\/\/www.interfresa.com\/wp-content\/uploads\/2021\/10\/cunaplatero-768x1024.jpeg\" alt=\"\" class=\"wp-image-1470\" srcset=\"https:\/\/www.interfresa.com\/wp-content\/uploads\/2021\/10\/cunaplatero-768x1024.jpeg 768w, https:\/\/www.interfresa.com\/wp-content\/uploads\/2021\/10\/cunaplatero-225x300.jpeg 225w, https:\/\/www.interfresa.com\/wp-content\/uploads\/2021\/10\/cunaplatero-1152x1536.jpeg 1152w, https:\/\/www.interfresa.com\/wp-content\/uploads\/2021\/10\/cunaplatero-110x146.jpeg 110w, https:\/\/www.interfresa.com\/wp-content\/uploads\/2021\/10\/cunaplatero-38x50.jpeg 38w, https:\/\/www.interfresa.com\/wp-content\/uploads\/2021\/10\/cunaplatero-56x75.jpeg 56w, https:\/\/www.interfresa.com\/wp-content\/uploads\/2021\/10\/cunaplatero.jpeg 1536w\" sizes=\"auto, (max-width:767px) 480px, (max-width:768px) 100vw, 768px\" \/><\/figure>\n<p>Y en esa apretada agenda que mantienen, la mayor\u00eda de las empresas<br \/>\npresentes en la feria han querido reservar un momento muy especial para dejar<br \/>\nconstancia de su compromiso con la responsabilidad social, laboral y la<br \/>\nigualdad en sus compa\u00f1\u00edas a trav\u00e9s de la firma de su adhesi\u00f3n al Prelsi. Empresas<br \/>\ncomo <strong>Fruta de Andaluc\u00eda, Grufesa, Do\u00f1ana<br \/>\n1998, Cuna de Platero, Fresmiel, Bionest o Bonafru,<\/strong> han aprovechado la<br \/>\nvisita de los representantes de Interfresa a sus stands para oficializar su<br \/>\nparticipaci\u00f3n en el plan en este ejercicio que va a comenzar.<\/p>\n<p>Algo que la mayor\u00eda de ellas vienen haciendo ininterrumpidamente y de<br \/>\nmanera totalmente voluntaria desde 2018, aportando adem\u00e1s los fondos necesarios<br \/>\npara la formaci\u00f3n de los cuadros medios de las empresas y la disposici\u00f3n del<br \/>\nequipo de consultores de integraci\u00f3n que vela cada campa\u00f1a por el buen entendimiento<br \/>\nentre empresarios y trabajadores m\u00e1s all\u00e1 de las barreras culturales y<br \/>\nling\u00fc\u00edsticas, as\u00ed como por el bienestar de estos \u00faltimos, la cobertura de sus<br \/>\nnecesidades sanitarias, administrativas e incluso bancarias, y el buen estado<br \/>\nde los alojamientos en virtud de los establecido en la Orden Gecco. <\/p>\n<figure class=\"wp-block-image size-large\"><img loading=\"lazy\" decoding=\"async\" width=\"1024\" height=\"768\" src=\"https:\/\/www.interfresa.com\/wp-content\/uploads\/2021\/10\/frutaandalucia-1024x768.jpeg\" alt=\"\" class=\"wp-image-1471\" srcset=\"https:\/\/www.interfresa.com\/wp-content\/uploads\/2021\/10\/frutaandalucia-1024x768.jpeg 1024w, https:\/\/www.interfresa.com\/wp-content\/uploads\/2021\/10\/frutaandalucia-300x225.jpeg 300w, https:\/\/www.interfresa.com\/wp-content\/uploads\/2021\/10\/frutaandalucia-768x576.jpeg 768w, https:\/\/www.interfresa.com\/wp-content\/uploads\/2021\/10\/frutaandalucia-1536x1152.jpeg 1536w, https:\/\/www.interfresa.com\/wp-content\/uploads\/2021\/10\/frutaandalucia-195x146.jpeg 195w, https:\/\/www.interfresa.com\/wp-content\/uploads\/2021\/10\/frutaandalucia-50x38.jpeg 50w, https:\/\/www.interfresa.com\/wp-content\/uploads\/2021\/10\/frutaandalucia-100x75.jpeg 100w, https:\/\/www.interfresa.com\/wp-content\/uploads\/2021\/10\/frutaandalucia-960x720.jpeg 960w, https:\/\/www.interfresa.com\/wp-content\/uploads\/2021\/10\/frutaandalucia.jpeg 1600w\" sizes=\"auto, (max-width:767px) 480px, (max-width:1024px) 100vw, 1024px\" \/><\/figure>\n<p>En los dos \u00faltimos ejercicios, adem\u00e1s, el Prelsi ha jugado un papel<br \/>\nesencial a la hora de resolver los problemas derivados de la situaci\u00f3n<br \/>\nsanitaria, restricciones que han afectado a la vida en las empresas y que han<br \/>\nrequerido de un esfuerzo extra por parte del plan para facilitar gestiones de<br \/>\nla vida diaria como compras o visitas al cajero que durante el confinamiento o<br \/>\nen los momentos de mayores limitaciones eran harto complicadas para los<br \/>\ntrabajadores.<\/p>\n<p>Y muy especialmente, el Prelsi ha sido determinante para acabar con el<br \/>\nbloqueo que supon\u00eda el cierre de la frontera de Marruecos y que imped\u00eda en 2020<br \/>\nel regreso de 7.200 trabajadoras, que finalmente pudieron volver a casa desde<br \/>\nel Puerto de Huelva en una operaci\u00f3n sin precedentes en la provincia de Huelva.<\/p>\n<p>As\u00ed mismo, el a\u00f1o pasado la colaboraci\u00f3n del Prelsi propici\u00f3 tanto la<br \/>\nllegada como el regreso de m\u00e1s de 12.000 trabajadoras marroqu\u00edes cuya situaci\u00f3n<br \/>\nse complic\u00f3 al estallar la crisis diplom\u00e1tica entre Espa\u00f1a y Marruecos a causa<br \/>\nde la acogida en nuestro pa\u00eds del l\u00edder del Frente Polisario.<\/p>\n<p>En este momento, Interfresa est\u00e1 inmersa en la selecci\u00f3n de nuevos<br \/>\nconsultores que pasar\u00e1n a formar parte de un equipo cada vez m\u00e1s completo,<br \/>\nformado y diverso, sobre todo despu\u00e9s de que en 2020 la interprofesional<br \/>\ndecidiera abordar la universalizaci\u00f3n del plan.<\/p>\n<p>Para Interfresa, es un<br \/>\norgullo que las empresas m\u00e1s vanguardistas e innovadoras del sector hayan sido<br \/>\nlas primeras en respaldar el Prelsi para el pr\u00f3ximo ejercicio, as\u00ed como un<br \/>\naliciente para seguir trabajando y avanzando en materia de bienestar<br \/>\nsociolaboral.<\/p>","protected":false},"excerpt":{"rendered":"<p>M\u00e1s de la mitad de las compa\u00f1\u00edas productoras y comercializadoras que participan en Fruit Attraction han aprovechado la feria para sellar su compromiso con la responsabilidad social, laboral y la igualdad en sus empresas La Interprofesional de la Fresa y [\u2026]<\/p>\n","protected":false},"author":1,"featured_media":547,"comment_status":"open","ping_status":"open","sticky":false,"template":"","format":"standard","meta":{"footnotes":""},"categories":[9,12],"tags":[],"class_list":["post-491","post","type-post","status-publish","format-standard","has-post-thumbnail","hentry","category-general","category-sala-de-prensa"],"_links":{"self":[{"href":"https:\/\/www.interfresa.com\/en\/wp-json\/wp\/v2\/posts\/491","targetHints":{"allow":["GET"]}}],"collection":[{"href":"https:\/\/www.interfresa.com\/en\/wp-json\/wp\/v2\/posts"}],"about":[{"href":"https:\/\/www.interfresa.com\/en\/wp-json\/wp\/v2\/types\/post"}],"author":[{"embeddable":true,"href":"https:\/\/www.interfresa.com\/en\/wp-json\/wp\/v2\/users\/1"}],"replies":[{"embeddable":true,"href":"https:\/\/www.interfresa.com\/en\/wp-json\/wp\/v2\/comments?post=491"}],"version-history":[{"count":0,"href":"https:\/\/www.interfresa.com\/en\/wp-json\/wp\/v2\/posts\/491\/revisions"}],"wp:featuredmedia":[{"embeddable":true,"href":"https:\/\/www.interfresa.com\/en\/wp-json\/wp\/v2\/media\/547"}],"wp:attachment":[{"href":"https:\/\/www.interfresa.com\/en\/wp-json\/wp\/v2\/media?parent=491"}],"wp:term":[{"taxonomy":"category","embeddable":true,"href":"https:\/\/www.interfresa.com\/en\/wp-json\/wp\/v2\/categories?post=491"},{"taxonomy":"post_tag","embeddable":true,"href":"https:\/\/www.interfresa.com\/en\/wp-json\/wp\/v2\/tags?post=491"}],"curies":[{"name":"wp","href":"https:\/\/api.w.org\/{rel}","templated":true}]}}