{"id":111,"date":"2017-07-12T08:00:07","date_gmt":"2017-07-12T08:00:07","guid":{"rendered":"https:\/\/www.interfresa.com\/?p=111"},"modified":"2017-07-12T08:00:07","modified_gmt":"2017-07-12T08:00:07","slug":"la-campana-solidaria-interfresacontraelcancer-se-activa-rrss-presentarse","status":"publish","type":"post","link":"https:\/\/www.interfresa.com\/en\/la-campana-solidaria-interfresacontraelcancer-se-activa-rrss-presentarse\/","title":{"rendered":"La campa\u00f1a solidaria #interfresacontraelcancer se activa en RRSS antes de presentarse"},"content":{"rendered":"<p>El s<strong>ector fresero de Huelva<\/strong><strong>,<\/strong> a trav\u00e9s de\u00a0<strong>Interfresa<\/strong><strong>, <\/strong>va a poner en marcha una campa\u00f1a solidaria para colaborar con la <strong>Asociaci\u00f3n Espa\u00f1ola contra el C\u00e1ncer (AECC)<\/strong><strong>.<\/strong> Aunque esta iniciativa deber\u00eda iniciarse a partir del 17 de marzo, cuando ambas entidades tienen previsto firmar el acuerdo de colaboraci\u00f3n correspondiente, lo cierto es que en las redes sociales ya se ha activado de forma extraoficial, y son muchas las personas que se est\u00e1n sumando a esta campa\u00f1a.<\/p>\n<p>El objetivo de este proyecto de concienciaci\u00f3n social es financiar una investigaci\u00f3n para estudiar los factores no gen\u00e9ticos que intervienen en la progresi\u00f3n y en el desarrollo del carcinoma hepatocelular, que puede frenar la divisi\u00f3n de las c\u00e9lulas cancer\u00edgenas en el h\u00edgado, as\u00ed como abrir paso a una nueva estrategia de terapia antitumoral.<\/p>\n<p>Cabe destacar, que es la primera vez en la historia de la asociaci\u00f3n, que un sector productivo representado por una entidad sin \u00e1nimo de lucro muestra su inter\u00e9s por realizar una donaci\u00f3n de tal envergadura a la investigaci\u00f3n contra el c\u00e1ncer.<\/p>\n<p><strong>\u00a0<\/strong>\u00a0\u201cEs la primera vez que el sector fresero onubense en su totalidad a\u00fana fuerzas para llevar a cabo una acci\u00f3n que repercuta positivamente en la imagen de la fresa y en sus m\u00faltiples propiedades para la salud, y queda de manifiesto una vez m\u00e1s, dados los resultados obtenidos, que la uni\u00f3n hace la fuerza\u201d, seg\u00fan reconoci\u00f3 el\u00a0<strong>secretario de Interfresa, Crist\u00f3bal Pic\u00f3n. <\/strong><\/p>\n<p>El objetivo es que \u201cconseguir la mayor recaudaci\u00f3n posible, y si es posible doblar la cantidad actual, que asciende a 50.206 videos y fotos subidas a las redes, por ello, la acci\u00f3n durar\u00e1 hasta final de la campa\u00f1a fresera.<\/p>\n<p>Para participar en esta campa\u00f1a, s\u00f3lo tienes que\u00a0<strong>subir un video o una foto a tus perfiles en las redes sociales mordiendo una fresa<\/strong> comparti\u00e9ndolo\u00a0 con el hashtag\u00a0<strong>#interfresacontraelcancer<\/strong>\u00a0y<strong>, nominar a tres amigos<\/strong>\u00a0para que no se rompa la cadena.<\/p>\n<p>Lo m\u00e1s significativo de esta idea, es que por cada foto o video que se suba a las redes sociales,<strong>\u00a0<\/strong><strong>Interfresa donar\u00e1 1 euro a la AECC para la financiaci\u00f3n de proyectos de investigaci\u00f3n contra el c\u00e1ncer<\/strong><strong>.<\/strong><\/p>\n<p>Esta es la primera vez que un sector productivo nacional, como el fresero, consigue la uni\u00f3n de todos sus agentes para colaborar con una campa\u00f1a de estas caracter\u00edsticas y lograr una importante donaci\u00f3n para la<strong>\u00a0<\/strong><strong>investigaci\u00f3n contra este mal que nos afecta. <\/strong><\/p>\n<p>La iniciativa se desarrollar\u00e1, al mismo tiempo, en<strong>\u00a0<\/strong><strong>Espa\u00f1a, Italia, Reino Unido, Francia y Alemania<\/strong><strong>, <\/strong>con los respectivos hashtag: #interfresacontraelcancer, \u202a#\u200efragolecontroilcancro, \u00a0#\u200estrawberriesagainstcancer , #\u200efraisescontrelecancer , \u202a#\u200eerdbeerengegenkrebs\u00a0 \u202a    \t<\/p>","protected":false},"excerpt":{"rendered":"<p>El sector fresero de Huelva, a trav\u00e9s de\u00a0Interfresa, va a poner en marcha una campa\u00f1a solidaria para colaborar con la Asociaci\u00f3n Espa\u00f1ola contra el C\u00e1ncer (AECC). Aunque esta iniciativa deber\u00eda iniciarse a partir del 17 de marzo, cuando ambas entidades [\u2026]<\/p>\n","protected":false},"author":1,"featured_media":0,"comment_status":"open","ping_status":"open","sticky":false,"template":"","format":"standard","meta":{"footnotes":""},"categories":[12],"tags":[],"class_list":["post-111","post","type-post","status-publish","format-standard","hentry","category-sala-de-prensa"],"_links":{"self":[{"href":"https:\/\/www.interfresa.com\/en\/wp-json\/wp\/v2\/posts\/111","targetHints":{"allow":["GET"]}}],"collection":[{"href":"https:\/\/www.interfresa.com\/en\/wp-json\/wp\/v2\/posts"}],"about":[{"href":"https:\/\/www.interfresa.com\/en\/wp-json\/wp\/v2\/types\/post"}],"author":[{"embeddable":true,"href":"https:\/\/www.interfresa.com\/en\/wp-json\/wp\/v2\/users\/1"}],"replies":[{"embeddable":true,"href":"https:\/\/www.interfresa.com\/en\/wp-json\/wp\/v2\/comments?post=111"}],"version-history":[{"count":0,"href":"https:\/\/www.interfresa.com\/en\/wp-json\/wp\/v2\/posts\/111\/revisions"}],"wp:attachment":[{"href":"https:\/\/www.interfresa.com\/en\/wp-json\/wp\/v2\/media?parent=111"}],"wp:term":[{"taxonomy":"category","embeddable":true,"href":"https:\/\/www.interfresa.com\/en\/wp-json\/wp\/v2\/categories?post=111"},{"taxonomy":"post_tag","embeddable":true,"href":"https:\/\/www.interfresa.com\/en\/wp-json\/wp\/v2\/tags?post=111"}],"curies":[{"name":"wp","href":"https:\/\/api.w.org\/{rel}","templated":true}]}}