{"id":102,"date":"2017-07-12T08:49:58","date_gmt":"2017-07-12T08:49:58","guid":{"rendered":"https:\/\/www.interfresa.com\/?p=102"},"modified":"2017-07-12T08:49:58","modified_gmt":"2017-07-12T08:49:58","slug":"manuel-carrasco-alma-obregon-embajadores-la-campana-interfresa-fresas-europa-vive-la-roja","status":"publish","type":"post","link":"https:\/\/www.interfresa.com\/en\/manuel-carrasco-alma-obregon-embajadores-la-campana-interfresa-fresas-europa-vive-la-roja\/","title":{"rendered":"Manuel Carrasco y Alma Obreg\u00f3n, embajadores de la campa\u00f1a de Interfresa \u2018Fresas de Europa: Vive la Roja\u2019"},"content":{"rendered":"<p style=\"text-align: justify;\">Interfresa ha presentado este mi\u00e9rcoles en Madrid la campa\u00f1a de promoci\u00f3n <strong>\u2018Fresas de Europa: Vive la Roja\u2019, una iniciativa que tendr\u00e1 una duraci\u00f3n de 3 a\u00f1os, desde 2015 hasta 2018 y que tiene como objetivo fomentar el consumo de fresas producidas en Europa.<\/strong><\/p>\n<p style=\"text-align: justify;\">Esa promoci\u00f3n se centrar\u00e1, fundamentalmente, en dar a conocer las ventajas y beneficios de la ingesta de fresa, informando al consumidor europeo sobre los valores diferenciales de la producci\u00f3n en la Uni\u00f3n Europea, haciendo especial hincapi\u00e9 en aspectos como la trazabilidad, seguridad alimentaria y sostenibilidad medioambiental.<\/p>\n<p style=\"text-align: justify;\">Para ello, la compa\u00f1\u00eda B-Ideas, adjudicataria de la campa\u00f1a de promoci\u00f3n, ha creado una<strong>\u00a0<\/strong><strong>campa\u00f1a 360 grados que incluye presencia en medios de comunicaci\u00f3n y en el entorno online y acciones directas con el consumidor.<\/strong><strong>\u00a0<\/strong>Adem\u00e1s,<strong>\u00a0<\/strong><strong>en Espa\u00f1a, el cantante Manuel Carrasco y la reconocida repostera, famosa por su blog \u2018Objetivo: Cupcake Perfecto\u2019, Alma Obreg\u00f3n, ser\u00e1n los embajadores de \u2018Fresas de Europa\u2019<\/strong><strong>. <\/strong>Ambos est\u00e1n fuertemente vinculados a este ingrediente. En el caso de Carrasco, por su estrecha vinculaci\u00f3n emocional y familiar con la fresa; y en el caso de Alma, porque es una apasionada de la fresa por su gran versatilidad en la cocina y, m\u00e1s concretamente, en la reposter\u00eda.<\/p>\n<p style=\"text-align: justify;\">La participaci\u00f3n de estos dos embajadores implicar\u00e1 su participaci\u00f3n en spots publicitarios en televisi\u00f3n y la asistencia a eventos masivos dirigidos al consumidor como las ferias Fitur, Alimentaria o el Sal\u00f3n de Gourmets, adem\u00e1s de una intensa labor en medios de comunicaci\u00f3n.<\/p>\n<p style=\"text-align: justify;\">Se realizar\u00e1n degustaciones en las principales cadenas de distribuci\u00f3n alemanas y se llevar\u00e1n a cabo acciones promocionales en los principales eventos de gran relevancia p\u00fablica dirigidos al consumidor. Asimismo, se ha creado una ambiciosa estrategia online que comprende la creaci\u00f3n de contenidos digitales, presencia en redes sociales, aplicaciones m\u00f3viles de entretenimiento y un amplio recetario con la fresa como ingrediente principal.<\/p>\n<p style=\"text-align: justify;\">El lema elegido para\u00a0<strong>la campa\u00f1a \u2018Fresas de Europa: vive la Roja\u2019 reivindica el origen del producto, Europa, e invita al p\u00fablico objetivo a experimentar todos los beneficios que el consumo de vida aporta a la vida<\/strong>. El color rojo se asocia inequ\u00edvocamente a la fresa y el eslogan \u201cVive la Roja\u201d insta al consumidor a disfrutar de la fresa en cualquier momento e incorporarla a su dieta diaria.<\/p>\n<p style=\"text-align: justify;\"><strong>La campa\u00f1a se desarrollar\u00e1 en Espa\u00f1a, Francia y Alemania y cuenta con un presupuesto global que ronda los 3,6 millones de euros<\/strong>. La financiaci\u00f3n ser\u00e1 aportada en un 20% por INTERFRESA, mientras que la Uni\u00f3n Europea y el MAGRAMA invertir\u00e1n un 50% y un 30%, respectivamente.<\/p>\n<p>&nbsp;<\/p>\n<p>&nbsp;    \t<\/p>","protected":false},"excerpt":{"rendered":"<p>Interfresa ha presentado este mi\u00e9rcoles en Madrid la campa\u00f1a de promoci\u00f3n \u2018Fresas de Europa: Vive la Roja\u2019, una iniciativa que tendr\u00e1 una duraci\u00f3n de 3 a\u00f1os, desde 2015 hasta 2018 y que tiene como objetivo fomentar el consumo de fresas [\u2026]<\/p>\n","protected":false},"author":1,"featured_media":0,"comment_status":"open","ping_status":"open","sticky":false,"template":"","format":"standard","meta":{"footnotes":""},"categories":[12],"tags":[],"class_list":["post-102","post","type-post","status-publish","format-standard","hentry","category-sala-de-prensa"],"_links":{"self":[{"href":"https:\/\/www.interfresa.com\/en\/wp-json\/wp\/v2\/posts\/102","targetHints":{"allow":["GET"]}}],"collection":[{"href":"https:\/\/www.interfresa.com\/en\/wp-json\/wp\/v2\/posts"}],"about":[{"href":"https:\/\/www.interfresa.com\/en\/wp-json\/wp\/v2\/types\/post"}],"author":[{"embeddable":true,"href":"https:\/\/www.interfresa.com\/en\/wp-json\/wp\/v2\/users\/1"}],"replies":[{"embeddable":true,"href":"https:\/\/www.interfresa.com\/en\/wp-json\/wp\/v2\/comments?post=102"}],"version-history":[{"count":0,"href":"https:\/\/www.interfresa.com\/en\/wp-json\/wp\/v2\/posts\/102\/revisions"}],"wp:attachment":[{"href":"https:\/\/www.interfresa.com\/en\/wp-json\/wp\/v2\/media?parent=102"}],"wp:term":[{"taxonomy":"category","embeddable":true,"href":"https:\/\/www.interfresa.com\/en\/wp-json\/wp\/v2\/categories?post=102"},{"taxonomy":"post_tag","embeddable":true,"href":"https:\/\/www.interfresa.com\/en\/wp-json\/wp\/v2\/tags?post=102"}],"curies":[{"name":"wp","href":"https:\/\/api.w.org\/{rel}","templated":true}]}}