{"id":101,"date":"2017-11-24T17:56:47","date_gmt":"2017-11-24T17:56:47","guid":{"rendered":"https:\/\/www.interfresa.com\/?p=101"},"modified":"2017-11-24T17:56:47","modified_gmt":"2017-11-24T17:56:47","slug":"concurso-navidad-fresas","status":"publish","type":"post","link":"https:\/\/www.interfresa.com\/en\/concurso-navidad-fresas\/","title":{"rendered":"Concurso \u201cNavidad con fresas\u201d"},"content":{"rendered":"<p>\u00a1C\u00f3mo pasa el tiempo! Parece que fue ayer cuando anunci\u00e1bamos desde aqu\u00ed el concurso de recetas\u00a0<strong style=\"margin: 0px; padding: 0px; outline: 0px; border: 0px currentColor; font-family: 'Open Sans'; font-size: 15px; font-style: inherit; font-weight: 600; vertical-align: baseline; box-sizing: border-box;\">Navidad con Fresas<\/strong>\u00a0lanzado por\u00a0<a href=\"http:\/\/fresasdeeuropa.com\/\" target=\"_blank\" rel=\"noopener noreferrer\">Fresas de Europa<\/a>. Ya ha pasado un a\u00f1o, y volvemos a anunciaros que repetimos el concurso, que el a\u00f1o pasado fue todo un \u00e9xito y que estamos deseando recibir vuestras suculentas propuestas gastron\u00f3micas. Los premios este a\u00f1o son una entrada para la Feria Madrid Fusi\u00f3n y una cesta gourmet. Asimismo, se realizar\u00e1 un sorteo entre todos los participantes para conseguir el \u00faltimo disco de nuestro embajador, el cantante\u00a0<a href=\"http:\/\/www.manuelcarrasco.es\/\" target=\"_blank\" rel=\"noopener noreferrer\">Manuel Carrasco<\/a>, firmado por \u00e9l.<\/p>\n<p>Toma buena nota y ap\u00fantate las fechas: el concurso est\u00e1 abierto desde hoy, viernes 17 de noviembre,\u00a0<strong style=\"margin: 0px; padding: 0px; outline: 0px; border: 0px currentColor; font-family: 'Open Sans'; font-size: 15px; font-style: inherit; font-weight: 600; vertical-align: baseline; box-sizing: border-box;\">hasta el pr\u00f3ximo 17 de diciembre<\/strong>\u00a0y pueden participar los bloguer@s y todas aquellas personas que publiquen en alguna de las redes sociales (YouTube, Facebook o Instagram) las recetas que quieran siempre y cuando tengan a la fresa como uno de los ingredientes .\u00a0Los bloguer@s que participen en el concurso deben publicar la o las recetas en su blog y a\u00f1adir un enlace a la web oficial de Fresas de Europa\u00a0<a href=\"http:\/\/www.fresasdeeuropa.eu\/\" target=\"_blank\" rel=\"noopener\">http:\/\/www.fresasdeeuropa.eu\/<\/a>. Asimismo, la receta debe ser compartida en alguna red social (Facebook, Twitter, Instagram o Youtube) nombrando el perfil @Fresasdeeuropa y el hashtag #navidadconfresas. Para las personas que no tengan blog,\u00a0deber\u00e1n subir su o sus recetas a Youtube, Facebook o Instagram nombrando el perfil de @Fresasdeeuropa y el hashtag #navidadconfresas. Es imprescindible que los perfiles sean p\u00fablicos. En ambos casos, la participaci\u00f3n es gratuita y podr\u00e1n presentarse todas las personas f\u00edsicas mayores de 18 a\u00f1os que act\u00faen en su propio nombre y residan en Espa\u00f1a.<\/p>\n<p>Expertos del mundo de la gastronom\u00eda, la industria fresera y la comunicaci\u00f3n formar\u00e1n parte del jurado que se encargar\u00e1 de seleccionar a los ganadores. Para ello, valorar\u00e1n, principalmente, la presencia de la fresa como ingrediente principal en la elaboraci\u00f3n de la receta, la tem\u00e1tica navide\u00f1a de la propuesta, la armon\u00eda de la receta, la originalidad del plato, la claridad de la exposici\u00f3n de la receta, la presentaci\u00f3n del plato y la calidad de la fotograf\u00eda.\u00a0\u2018Fresas de Europa\u2019 podr\u00e1 declarar desierto el premio si, a juicio del jurado, las recetas presentadas no re\u00fanen las cualidades o el nivel requerido. La decisi\u00f3n del jurado ser\u00e1 inapelable.<\/p>\n<p>Las recetas optar\u00e1n a un primer premio consistente en una entrada para la feria Madrid Fusi\u00f3n que se celebrar\u00e1 en enero de 2018 y un segundo premio correspondiente a una cesta gourmet con productos elaborados con fresas.\u00a0Asimismo, entre todos los participantes se realizar\u00e1 un sorteo del \u00faltimo disco de Manuel Carrasco \u201cBailar el viento\u201d firmado por el cantante. De este sorteo quedar\u00e1n excluidos los ganadores.<\/p>\n<p style=\"margin: 0px; padding: 0px 0px 27px; outline: 0px; border: 0px currentColor; color: #676767; text-transform: none; text-indent: 0px; letter-spacing: normal; font-family: 'Open Sans'; font-size: 15px; font-style: normal; font-weight: 400; word-spacing: 0px; vertical-align: baseline; white-space: normal; box-sizing: border-box; orphans: 2; widows: 2; background-color: #ffffff; -webkit-font-smoothing: subpixel-antialiased; font-variant-ligatures: normal; font-variant-caps: normal; -webkit-text-stroke-width: 0px; text-decoration-style: initial; text-decoration-color: initial;\"><a href=\"http:\/\/fresasdeeuropa.com\/ya-esta-aqui-nuestro-segundo-concurso-navidad-con-fresas\/\" target=\"_blank\" rel=\"noopener\"><img loading=\"lazy\" decoding=\"async\" class=\"alignnone wp-image-584\" src=\"https:\/\/www.interfresa.com\/wp-content\/uploads\/2017\/11\/cartel_navidadconfresas-2017-1-1024x724-300x212.jpg\" alt=\"\" width=\"335\" height=\"237\" srcset=\"https:\/\/www.interfresa.com\/wp-content\/uploads\/2017\/11\/cartel_navidadconfresas-2017-1-1024x724-300x212.jpg 300w, https:\/\/www.interfresa.com\/wp-content\/uploads\/2017\/11\/cartel_navidadconfresas-2017-1-1024x724-768x543.jpg 768w, https:\/\/www.interfresa.com\/wp-content\/uploads\/2017\/11\/cartel_navidadconfresas-2017-1-1024x724.jpg 1024w\" sizes=\"auto, (max-width:767px) 335px, 335px\" \/><\/a><\/p>","protected":false},"excerpt":{"rendered":"<p>\u00a1C\u00f3mo pasa el tiempo! Parece que fue ayer cuando anunci\u00e1bamos desde aqu\u00ed el concurso de recetas\u00a0Navidad con Fresas\u00a0lanzado por\u00a0Fresas de Europa. Ya ha pasado un a\u00f1o, y volvemos a anunciaros que repetimos el concurso, que el a\u00f1o pasado fue todo [\u2026]<\/p>\n","protected":false},"author":1,"featured_media":570,"comment_status":"open","ping_status":"open","sticky":false,"template":"","format":"standard","meta":{"footnotes":""},"categories":[6,8,11,12],"tags":[],"class_list":["post-101","post","type-post","status-publish","format-standard","has-post-thumbnail","hentry","category-eventos","category-fresa","category-recetas","category-sala-de-prensa"],"_links":{"self":[{"href":"https:\/\/www.interfresa.com\/en\/wp-json\/wp\/v2\/posts\/101","targetHints":{"allow":["GET"]}}],"collection":[{"href":"https:\/\/www.interfresa.com\/en\/wp-json\/wp\/v2\/posts"}],"about":[{"href":"https:\/\/www.interfresa.com\/en\/wp-json\/wp\/v2\/types\/post"}],"author":[{"embeddable":true,"href":"https:\/\/www.interfresa.com\/en\/wp-json\/wp\/v2\/users\/1"}],"replies":[{"embeddable":true,"href":"https:\/\/www.interfresa.com\/en\/wp-json\/wp\/v2\/comments?post=101"}],"version-history":[{"count":0,"href":"https:\/\/www.interfresa.com\/en\/wp-json\/wp\/v2\/posts\/101\/revisions"}],"wp:featuredmedia":[{"embeddable":true,"href":"https:\/\/www.interfresa.com\/en\/wp-json\/wp\/v2\/media\/570"}],"wp:attachment":[{"href":"https:\/\/www.interfresa.com\/en\/wp-json\/wp\/v2\/media?parent=101"}],"wp:term":[{"taxonomy":"category","embeddable":true,"href":"https:\/\/www.interfresa.com\/en\/wp-json\/wp\/v2\/categories?post=101"},{"taxonomy":"post_tag","embeddable":true,"href":"https:\/\/www.interfresa.com\/en\/wp-json\/wp\/v2\/tags?post=101"}],"curies":[{"name":"wp","href":"https:\/\/api.w.org\/{rel}","templated":true}]}}